{"id":14818,"date":"2018-10-06T17:32:43","date_gmt":"2018-10-06T17:32:43","guid":{"rendered":"http:\/\/todoapulmon-rafaela.com\/?p=14818"},"modified":"2018-10-06T17:32:43","modified_gmt":"2018-10-06T17:32:43","slug":"no-se-dio-pero-creo-que-la-experiencia-sirvio-para-todas","status":"publish","type":"post","link":"https:\/\/todoapulmon-rafaela.com\/index.php\/2018\/10\/06\/no-se-dio-pero-creo-que-la-experiencia-sirvio-para-todas\/","title":{"rendered":"\u00abNo se dio, pero creo que la experiencia sirvi\u00f3 para todas\u00bb"},"content":{"rendered":"<p>Este viernes en Todo a Pulm\u00f3n radio dialogamos con Meli Gretter, luego de la participaci\u00f3n de Las Gigantes en el Campeonato Mundial de B\u00e1squetbol Femenino realizado en Espa\u00f1a.<\/p>\n<p>\u00abLa verdad que fue un mes y medio intenso. Donde terminamos de jugar la Liga Nacional en Argentina, viajamos a Salta para prepararnos para el Sudamericano. Luego nos fuimos a Colombia donde logramos un objetivo importante saliendo campeonas. No tuvimos tiempo ni para festejar, que viajamos a Europa y ya nos enfocamos en el Mundial\u00bb, expres\u00f3 sobre el traj\u00edn de estos torneos.<\/p>\n<p>En el an\u00e1lisis de los estados de \u00e1nimo que nos dej\u00f3 en la entrevista en radio El Espectador 100.1, mencion\u00f3 que \u00abpor un lado la felicidad del Sudamericano, pero con esa amargura de no poder lograr lo que fuimos a buscar en el Mundial. Sab\u00edamos que iba a ser duro, quer\u00edamos pasar la primera ronda, no se dio pero creo que la experiencia sirvi\u00f3 para todas las jugadoras y hay que seguir laburando para el futuro\u00bb.<\/p>\n<p>Este es el audio completo:<\/p>\n<!--[if lt IE 9]><script>document.createElement('audio');<\/script><![endif]-->\n<audio class=\"wp-audio-shortcode\" id=\"audio-14818-1\" preload=\"none\" style=\"width: 100%;\" controls=\"controls\"><source type=\"audio\/mpeg\" src=\"http:\/\/todoapulmon-rafaela.com\/wp-content\/uploads\/2018\/10\/2018-10-05-Meli-Gretter.mp3?_=1\" \/><a href=\"http:\/\/todoapulmon-rafaela.com\/wp-content\/uploads\/2018\/10\/2018-10-05-Meli-Gretter.mp3\">http:\/\/todoapulmon-rafaela.com\/wp-content\/uploads\/2018\/10\/2018-10-05-Meli-Gretter.mp3<\/a><\/audio>\n<p>&nbsp;<\/p>\n<p>&nbsp;<\/p>\n","protected":false},"excerpt":{"rendered":"<p>Este viernes en Todo a Pulm\u00f3n radio dialogamos con Meli Gretter, luego de la participaci\u00f3n de Las Gigantes en el<\/p>\n","protected":false},"author":2,"featured_media":14820,"comment_status":"open","ping_status":"open","sticky":false,"template":"","format":"standard","meta":{"footnotes":""},"categories":[5],"tags":[],"class_list":["post-14818","post","type-post","status-publish","format-standard","has-post-thumbnail","hentry","category-basquet"],"cc_featured_image_caption":{"caption_text":"","source_text":"","source_url":""},"_links":{"self":[{"href":"https:\/\/todoapulmon-rafaela.com\/index.php\/wp-json\/wp\/v2\/posts\/14818"}],"collection":[{"href":"https:\/\/todoapulmon-rafaela.com\/index.php\/wp-json\/wp\/v2\/posts"}],"about":[{"href":"https:\/\/todoapulmon-rafaela.com\/index.php\/wp-json\/wp\/v2\/types\/post"}],"author":[{"embeddable":true,"href":"https:\/\/todoapulmon-rafaela.com\/index.php\/wp-json\/wp\/v2\/users\/2"}],"replies":[{"embeddable":true,"href":"https:\/\/todoapulmon-rafaela.com\/index.php\/wp-json\/wp\/v2\/comments?post=14818"}],"version-history":[{"count":2,"href":"https:\/\/todoapulmon-rafaela.com\/index.php\/wp-json\/wp\/v2\/posts\/14818\/revisions"}],"predecessor-version":[{"id":14823,"href":"https:\/\/todoapulmon-rafaela.com\/index.php\/wp-json\/wp\/v2\/posts\/14818\/revisions\/14823"}],"wp:featuredmedia":[{"embeddable":true,"href":"https:\/\/todoapulmon-rafaela.com\/index.php\/wp-json\/wp\/v2\/media\/14820"}],"wp:attachment":[{"href":"https:\/\/todoapulmon-rafaela.com\/index.php\/wp-json\/wp\/v2\/media?parent=14818"}],"wp:term":[{"taxonomy":"category","embeddable":true,"href":"https:\/\/todoapulmon-rafaela.com\/index.php\/wp-json\/wp\/v2\/categories?post=14818"},{"taxonomy":"post_tag","embeddable":true,"href":"https:\/\/todoapulmon-rafaela.com\/index.php\/wp-json\/wp\/v2\/tags?post=14818"}],"curies":[{"name":"wp","href":"https:\/\/api.w.org\/{rel}","templated":true}]}}