{"id":1481,"date":"2016-06-24T16:57:31","date_gmt":"2016-06-24T16:57:31","guid":{"rendered":"http:\/\/todoapulmon-rafaela.com\/?p=1481"},"modified":"2016-06-24T16:57:31","modified_gmt":"2016-06-24T16:57:31","slug":"ciclistas-juniors-de-seleccion-entrenaron-en-rafaela-3","status":"publish","type":"post","link":"https:\/\/todoapulmon-rafaela.com\/index.php\/2016\/06\/24\/ciclistas-juniors-de-seleccion-entrenaron-en-rafaela-3\/","title":{"rendered":"Ciclistas juniors de selecci\u00f3n entrenaron en Rafaela"},"content":{"rendered":"<p>La semana anterior estuvieron entrenando en el vel\u00f3dromo \u201cH\u00e9ctor Cassina\u201d del Club Ciclista de Rafaela tres representantes del equipo argentino juvenil que estar\u00e1 viajando al Mundial junior, a realizarse\u00a0del 20 al 24 de julio en la ciudad suiza de Aigle.<\/p>\n<p>Los velocistas Franco Victorio (Bell Ville, C\u00f3rdoba), Mauricio Ponti (Quimil\u00ed, Santiago del Estero) y Tom\u00e1s Su\u00e1rez (San Luis) continuaron el proceso de b\u00fasqueda de la puesta a punto junto a Daniel Capella, antes de sumarse en los pr\u00f3ximos d\u00edas a la escuadra nacional que tiene como responsable a Gerardo Crisafulli.<\/p>\n<p>Por otra parte, la semana venidera estar\u00e1n realizando una evaluaci\u00f3n en el vel\u00f3dromo, Horacio Anselmi y Mart\u00edn Ferrari. Los prestigiosos profesionales del ENARD trabajar\u00e1n con un grupo de 9 chicos del proyecto Buenos Aires 2018 que en agosto viajar\u00e1n a una Vuelta que se realizar\u00e1 en Brasil.<\/p>\n","protected":false},"excerpt":{"rendered":"<p>La semana anterior estuvieron entrenando en el vel\u00f3dromo \u201cH\u00e9ctor Cassina\u201d del Club Ciclista de Rafaela tres representantes del equipo argentino<\/p>\n","protected":false},"author":2,"featured_media":1477,"comment_status":"open","ping_status":"open","sticky":false,"template":"","format":"standard","meta":{"footnotes":""},"categories":[4],"tags":[],"class_list":["post-1481","post","type-post","status-publish","format-standard","has-post-thumbnail","hentry","category-ciclismo"],"cc_featured_image_caption":{"caption_text":"Los integrantes del seleccionado junior junto a Daniel Capella.","source_text":"","source_url":""},"_links":{"self":[{"href":"https:\/\/todoapulmon-rafaela.com\/index.php\/wp-json\/wp\/v2\/posts\/1481"}],"collection":[{"href":"https:\/\/todoapulmon-rafaela.com\/index.php\/wp-json\/wp\/v2\/posts"}],"about":[{"href":"https:\/\/todoapulmon-rafaela.com\/index.php\/wp-json\/wp\/v2\/types\/post"}],"author":[{"embeddable":true,"href":"https:\/\/todoapulmon-rafaela.com\/index.php\/wp-json\/wp\/v2\/users\/2"}],"replies":[{"embeddable":true,"href":"https:\/\/todoapulmon-rafaela.com\/index.php\/wp-json\/wp\/v2\/comments?post=1481"}],"version-history":[{"count":1,"href":"https:\/\/todoapulmon-rafaela.com\/index.php\/wp-json\/wp\/v2\/posts\/1481\/revisions"}],"predecessor-version":[{"id":1482,"href":"https:\/\/todoapulmon-rafaela.com\/index.php\/wp-json\/wp\/v2\/posts\/1481\/revisions\/1482"}],"wp:featuredmedia":[{"embeddable":true,"href":"https:\/\/todoapulmon-rafaela.com\/index.php\/wp-json\/wp\/v2\/media\/1477"}],"wp:attachment":[{"href":"https:\/\/todoapulmon-rafaela.com\/index.php\/wp-json\/wp\/v2\/media?parent=1481"}],"wp:term":[{"taxonomy":"category","embeddable":true,"href":"https:\/\/todoapulmon-rafaela.com\/index.php\/wp-json\/wp\/v2\/categories?post=1481"},{"taxonomy":"post_tag","embeddable":true,"href":"https:\/\/todoapulmon-rafaela.com\/index.php\/wp-json\/wp\/v2\/tags?post=1481"}],"curies":[{"name":"wp","href":"https:\/\/api.w.org\/{rel}","templated":true}]}}