{"id":14726,"date":"2018-09-29T21:35:25","date_gmt":"2018-09-29T21:35:25","guid":{"rendered":"http:\/\/todoapulmon-rafaela.com\/?p=14726"},"modified":"2018-09-29T21:35:25","modified_gmt":"2018-09-29T21:35:25","slug":"crar-tuvo-festejo-anticipado-y-se-queda-en-primera","status":"publish","type":"post","link":"https:\/\/todoapulmon-rafaela.com\/index.php\/2018\/09\/29\/crar-tuvo-festejo-anticipado-y-se-queda-en-primera\/","title":{"rendered":"CRAR tuvo festejo anticipado y se queda en Primera!!!"},"content":{"rendered":"<p>El C\u00edrculo Rafaelino de Rugby consigui\u00f3 este s\u00e1bado la permanencia en la Zona Campeonato del Torneo Regional del Litoral, al imponerse como visitante a Logaritmo por 48 a 14 en Ibarlucea, en uno de los partidos por la octava fecha de la Reclasificaci\u00f3n. Con esta holgada victoria, y la derrota de Los Caranchos como local ante Paran\u00e1 Rowing por 32 a 22, el Verde junto al equipo entrerriano -que ascendi\u00f3- estar\u00e1n en el m\u00e1ximo nivel de la venidera temporada (que arrancar\u00eda en marzo).<\/p>\n<p>Los puntos del equipo rafaelino fueron a trav\u00e9s de ocho tries: Esteban Rebaudengo -2-, Jos\u00e9 Williner, Mariano Ferrero, Nicol\u00e1s Guti\u00e9rrez -2-, Mart\u00edn Zegaib y Gast\u00f3n Zbrun, m\u00e1s cuatro conversiones de Pablo Villar.<\/p>\n<p>En una notable producci\u00f3n, acorde a las chances que se le presentaban a la escuadra dirigida por Enrique L\u00f3pez Durando, CRAR fue dominador a lo largo de los 80 minutos en todas las l\u00edneas para ir construyendo un triunfo asociado a las mejores tardes. Cuando se est\u00e1n cumpliendo por estos d\u00edas 10 a\u00f1os del ascenso de 2008, otra vez el Verde consigui\u00f3 un festejo en esa cancha ante Loga, y el \u00faltimo partido del torneo en Rafaela ante Los Caranchos no tendr\u00e1 el car\u00e1cter de final\u00edsima -como el a\u00f1o pasado-. Esta vez ser\u00e1 para festejar ante toda la gente del Club, en un a\u00f1o que fue dif\u00edcil para este plantel, pero que sali\u00f3 adelante con sus mejores armas cuando m\u00e1s lo necesitaba el equipo.<\/p>\n<p>Salud CRAR, otro a\u00f1o en Primera!!<\/p>\n","protected":false},"excerpt":{"rendered":"<p>El C\u00edrculo Rafaelino de Rugby consigui\u00f3 este s\u00e1bado la permanencia en la Zona Campeonato del Torneo Regional del Litoral, al<\/p>\n","protected":false},"author":2,"featured_media":14727,"comment_status":"open","ping_status":"open","sticky":false,"template":"","format":"standard","meta":{"footnotes":""},"categories":[24,2],"tags":[],"class_list":["post-14726","post","type-post","status-publish","format-standard","has-post-thumbnail","hentry","category-noticias-destacadas","category-rugby"],"cc_featured_image_caption":{"caption_text":"El festejo rafaelino a pleno luego del partido donde asegur\u00f3 la permanencia.","source_text":"","source_url":""},"_links":{"self":[{"href":"https:\/\/todoapulmon-rafaela.com\/index.php\/wp-json\/wp\/v2\/posts\/14726"}],"collection":[{"href":"https:\/\/todoapulmon-rafaela.com\/index.php\/wp-json\/wp\/v2\/posts"}],"about":[{"href":"https:\/\/todoapulmon-rafaela.com\/index.php\/wp-json\/wp\/v2\/types\/post"}],"author":[{"embeddable":true,"href":"https:\/\/todoapulmon-rafaela.com\/index.php\/wp-json\/wp\/v2\/users\/2"}],"replies":[{"embeddable":true,"href":"https:\/\/todoapulmon-rafaela.com\/index.php\/wp-json\/wp\/v2\/comments?post=14726"}],"version-history":[{"count":1,"href":"https:\/\/todoapulmon-rafaela.com\/index.php\/wp-json\/wp\/v2\/posts\/14726\/revisions"}],"predecessor-version":[{"id":14728,"href":"https:\/\/todoapulmon-rafaela.com\/index.php\/wp-json\/wp\/v2\/posts\/14726\/revisions\/14728"}],"wp:featuredmedia":[{"embeddable":true,"href":"https:\/\/todoapulmon-rafaela.com\/index.php\/wp-json\/wp\/v2\/media\/14727"}],"wp:attachment":[{"href":"https:\/\/todoapulmon-rafaela.com\/index.php\/wp-json\/wp\/v2\/media?parent=14726"}],"wp:term":[{"taxonomy":"category","embeddable":true,"href":"https:\/\/todoapulmon-rafaela.com\/index.php\/wp-json\/wp\/v2\/categories?post=14726"},{"taxonomy":"post_tag","embeddable":true,"href":"https:\/\/todoapulmon-rafaela.com\/index.php\/wp-json\/wp\/v2\/tags?post=14726"}],"curies":[{"name":"wp","href":"https:\/\/api.w.org\/{rel}","templated":true}]}}