{"id":14686,"date":"2018-09-27T12:26:00","date_gmt":"2018-09-27T12:26:00","guid":{"rendered":"http:\/\/todoapulmon-rafaela.com\/?p=14686"},"modified":"2018-09-27T12:26:00","modified_gmt":"2018-09-27T12:26:00","slug":"es-una-de-las-carreras-que-mas-me-gusta-correr","status":"publish","type":"post","link":"https:\/\/todoapulmon-rafaela.com\/index.php\/2018\/09\/27\/es-una-de-las-carreras-que-mas-me-gusta-correr\/","title":{"rendered":"\u00abEs una de las carreras que m\u00e1s me gusta correr\u00bb"},"content":{"rendered":"<p>El Desaf\u00edo Salado &#8211; Las Piedras 2018 realizado el domingo pasado en Esperanza tuvo una muy buena participaci\u00f3n de bikers rafaelinos. En Todo a Pulm\u00f3n radio del mi\u00e9rcoles dialogamos con Edgardo Rasetto, uno de los ganadores de categor\u00edas de nuestra ciudad.<\/p>\n<p>\u00abLa verdad que contento, es una de las carreras que m\u00e1s me gusta correr en el a\u00f1o. Es muy entretenida y dura, y por suerte nos pudimos quedar con la victoria\u00bb, coment\u00f3 inicialmente, agregando que \u00abes una prueba que ten\u00e9s que llegar con un buen fondo, son 75 kil\u00f3metros y se hace duro. Tuve la suerte de cortarme a los 7, 8 kil\u00f3metros, hice toda la carrera solo. Uno se prepara todo el a\u00f1o, venimos entrenando y en esta \u00e9poca hay muchas carreras buenas as\u00ed que estamos bien preparados\u00bb.<\/p>\n<p>Rasetto, junto a Julio Sol\u00f3rzano (que tambi\u00e9n gan\u00f3 su categor\u00eda en Esperanza), ser\u00e1n una de las parejas rafaelinas que estar\u00e1n corriendo la Scott Marathon en Uruguay los d\u00edas 19, 20 y 21 de octubre.<\/p>\n<p>El audio completo de la nota a continuaci\u00f3n:<\/p>\n<!--[if lt IE 9]><script>document.createElement('audio');<\/script><![endif]-->\n<audio class=\"wp-audio-shortcode\" id=\"audio-14686-1\" preload=\"none\" style=\"width: 100%;\" controls=\"controls\"><source type=\"audio\/mpeg\" src=\"http:\/\/todoapulmon-rafaela.com\/wp-content\/uploads\/2018\/09\/2018-09-26-Edgardo-Raceto-.mp3?_=1\" \/><a href=\"http:\/\/todoapulmon-rafaela.com\/wp-content\/uploads\/2018\/09\/2018-09-26-Edgardo-Raceto-.mp3\">http:\/\/todoapulmon-rafaela.com\/wp-content\/uploads\/2018\/09\/2018-09-26-Edgardo-Raceto-.mp3<\/a><\/audio>\n<p>&nbsp;<\/p>\n<p>&nbsp;<\/p>\n<p>&nbsp;<\/p>\n","protected":false},"excerpt":{"rendered":"<p>El Desaf\u00edo Salado &#8211; Las Piedras 2018 realizado el domingo pasado en Esperanza tuvo una muy buena participaci\u00f3n de bikers<\/p>\n","protected":false},"author":2,"featured_media":14687,"comment_status":"open","ping_status":"open","sticky":false,"template":"","format":"standard","meta":{"footnotes":""},"categories":[4,24],"tags":[],"class_list":["post-14686","post","type-post","status-publish","format-standard","has-post-thumbnail","hentry","category-ciclismo","category-noticias-destacadas"],"cc_featured_image_caption":{"caption_text":"Edgardo Rasetto al ganar la categor\u00eda Master A2 (Foto Ruralbike.com.ar).","source_text":"","source_url":""},"_links":{"self":[{"href":"https:\/\/todoapulmon-rafaela.com\/index.php\/wp-json\/wp\/v2\/posts\/14686"}],"collection":[{"href":"https:\/\/todoapulmon-rafaela.com\/index.php\/wp-json\/wp\/v2\/posts"}],"about":[{"href":"https:\/\/todoapulmon-rafaela.com\/index.php\/wp-json\/wp\/v2\/types\/post"}],"author":[{"embeddable":true,"href":"https:\/\/todoapulmon-rafaela.com\/index.php\/wp-json\/wp\/v2\/users\/2"}],"replies":[{"embeddable":true,"href":"https:\/\/todoapulmon-rafaela.com\/index.php\/wp-json\/wp\/v2\/comments?post=14686"}],"version-history":[{"count":2,"href":"https:\/\/todoapulmon-rafaela.com\/index.php\/wp-json\/wp\/v2\/posts\/14686\/revisions"}],"predecessor-version":[{"id":14690,"href":"https:\/\/todoapulmon-rafaela.com\/index.php\/wp-json\/wp\/v2\/posts\/14686\/revisions\/14690"}],"wp:featuredmedia":[{"embeddable":true,"href":"https:\/\/todoapulmon-rafaela.com\/index.php\/wp-json\/wp\/v2\/media\/14687"}],"wp:attachment":[{"href":"https:\/\/todoapulmon-rafaela.com\/index.php\/wp-json\/wp\/v2\/media?parent=14686"}],"wp:term":[{"taxonomy":"category","embeddable":true,"href":"https:\/\/todoapulmon-rafaela.com\/index.php\/wp-json\/wp\/v2\/categories?post=14686"},{"taxonomy":"post_tag","embeddable":true,"href":"https:\/\/todoapulmon-rafaela.com\/index.php\/wp-json\/wp\/v2\/tags?post=14686"}],"curies":[{"name":"wp","href":"https:\/\/api.w.org\/{rel}","templated":true}]}}