{"id":14602,"date":"2018-09-22T14:11:03","date_gmt":"2018-09-22T14:11:03","guid":{"rendered":"http:\/\/todoapulmon-rafaela.com\/?p=14602"},"modified":"2018-09-22T14:11:03","modified_gmt":"2018-09-22T14:11:03","slug":"se-vienen-los-42k-de-buenos-aires-con-presencias-rafaelinas","status":"publish","type":"post","link":"https:\/\/todoapulmon-rafaela.com\/index.php\/2018\/09\/22\/se-vienen-los-42k-de-buenos-aires-con-presencias-rafaelinas\/","title":{"rendered":"Se vienen los 42k de Buenos Aires con presencias rafaelinas"},"content":{"rendered":"<p>El Marat\u00f3n Internacional de Buenos Aires, a correrse este domingo desde las 7, tiene este a\u00f1o por primera vez la categor\u00eda de\u00a0<strong>\u201cEtiqueta de Bronce\u201d (Bronze Label)\u00a0<\/strong>de la Federaci\u00f3n Internacional de Atletismo, e incluye el\u00a0<strong>Campeonato Sudamericano, clasificatorio para las grandes pruebas del 2019<\/strong>\u00a0como el Mundial de Doha y los Juegos Panamericanos de Lima.<\/p>\n<p>Junto a los miles de corredores, que la hacen\u00a0<strong>la prueba m\u00e1s convocante de la regi\u00f3n en la distancia de 42,195 kil\u00f3metros<\/strong>,\u00a0tambi\u00e9n estar\u00e1n los mejores corredores de nuestro pa\u00eds y esta parte del continente, as\u00ed como figuras internacionales.<\/p>\n<div class=\"row pb-content-type-text\"><\/div>\n<div class=\"row pb-content-type-text\"><\/div>\n<div class=\"row pb-content-type-text\">De nuestra ciudad habr\u00e1 una importante cantidad de participantes de distintos grupos de running o quienes se movilizan a nivel personal. Ayer en Todo a Pulm\u00f3n radio dialogamos con Mart\u00edn Ch\u00e1vez, uno de los representantes rafaelinos en la prueba.<\/div>\n<div class=\"row pb-content-type-text\">El audio de la nota a continuaci\u00f3n:<\/div>\n<div class=\"row pb-content-type-text\">\n<!--[if lt IE 9]><script>document.createElement('audio');<\/script><![endif]-->\n<audio class=\"wp-audio-shortcode\" id=\"audio-14602-1\" preload=\"none\" style=\"width: 100%;\" controls=\"controls\"><source type=\"audio\/mpeg\" src=\"http:\/\/todoapulmon-rafaela.com\/wp-content\/uploads\/2018\/09\/2018-09-21-MARTIN-CHAVEZ.mp3?_=1\" \/><a href=\"http:\/\/todoapulmon-rafaela.com\/wp-content\/uploads\/2018\/09\/2018-09-21-MARTIN-CHAVEZ.mp3\">http:\/\/todoapulmon-rafaela.com\/wp-content\/uploads\/2018\/09\/2018-09-21-MARTIN-CHAVEZ.mp3<\/a><\/audio>\n<\/div>\n<div class=\"row pb-content-type-text\"><\/div>\n","protected":false},"excerpt":{"rendered":"<p>El Marat\u00f3n Internacional de Buenos Aires, a correrse este domingo desde las 7, tiene este a\u00f1o por primera vez la<\/p>\n","protected":false},"author":2,"featured_media":14603,"comment_status":"open","ping_status":"open","sticky":false,"template":"","format":"standard","meta":{"footnotes":""},"categories":[1],"tags":[],"class_list":["post-14602","post","type-post","status-publish","format-standard","has-post-thumbnail","hentry","category-sin-categoria"],"cc_featured_image_caption":{"caption_text":"Mart\u00edn Ch\u00e1vez nos cont\u00f3 sus expectativas.","source_text":"","source_url":""},"_links":{"self":[{"href":"https:\/\/todoapulmon-rafaela.com\/index.php\/wp-json\/wp\/v2\/posts\/14602"}],"collection":[{"href":"https:\/\/todoapulmon-rafaela.com\/index.php\/wp-json\/wp\/v2\/posts"}],"about":[{"href":"https:\/\/todoapulmon-rafaela.com\/index.php\/wp-json\/wp\/v2\/types\/post"}],"author":[{"embeddable":true,"href":"https:\/\/todoapulmon-rafaela.com\/index.php\/wp-json\/wp\/v2\/users\/2"}],"replies":[{"embeddable":true,"href":"https:\/\/todoapulmon-rafaela.com\/index.php\/wp-json\/wp\/v2\/comments?post=14602"}],"version-history":[{"count":1,"href":"https:\/\/todoapulmon-rafaela.com\/index.php\/wp-json\/wp\/v2\/posts\/14602\/revisions"}],"predecessor-version":[{"id":14605,"href":"https:\/\/todoapulmon-rafaela.com\/index.php\/wp-json\/wp\/v2\/posts\/14602\/revisions\/14605"}],"wp:featuredmedia":[{"embeddable":true,"href":"https:\/\/todoapulmon-rafaela.com\/index.php\/wp-json\/wp\/v2\/media\/14603"}],"wp:attachment":[{"href":"https:\/\/todoapulmon-rafaela.com\/index.php\/wp-json\/wp\/v2\/media?parent=14602"}],"wp:term":[{"taxonomy":"category","embeddable":true,"href":"https:\/\/todoapulmon-rafaela.com\/index.php\/wp-json\/wp\/v2\/categories?post=14602"},{"taxonomy":"post_tag","embeddable":true,"href":"https:\/\/todoapulmon-rafaela.com\/index.php\/wp-json\/wp\/v2\/tags?post=14602"}],"curies":[{"name":"wp","href":"https:\/\/api.w.org\/{rel}","templated":true}]}}