{"id":14597,"date":"2018-09-22T13:35:15","date_gmt":"2018-09-22T13:35:15","guid":{"rendered":"http:\/\/todoapulmon-rafaela.com\/?p=14597"},"modified":"2018-09-22T13:36:51","modified_gmt":"2018-09-22T13:36:51","slug":"muy-feliz-por-haber-sido-el-mejor-sudamericano-en-mi-categoria","status":"publish","type":"post","link":"https:\/\/todoapulmon-rafaela.com\/index.php\/2018\/09\/22\/muy-feliz-por-haber-sido-el-mejor-sudamericano-en-mi-categoria\/","title":{"rendered":"\u00abMuy feliz por haber sido el mejor Sudamericano en mi categor\u00eda\u00bb"},"content":{"rendered":"<p>Esta semana en Todo a Pulm\u00f3n radio una de las voces que tuvimos fue la de Sergio Peretti. En nuestro programa en radio El Espectador, el triatleta rafaelino nos dej\u00f3 sus sensaciones tras haber disputado el segundo Mundial hace algunas semanas, en la modalidad 70.3, en Port Elizabeth (Sud\u00e1frica).<\/p>\n<p>En tal sentido, manifest\u00f3 en el an\u00e1lisis comparativo con Chattanooga (su primer Mundial el a\u00f1o anterior) que \u00abestoy mucho mas contento, fui el mejor sudamericano en mi categor\u00eda, muy feliz por eso. Un poco amargado porque a pie tuve algunos problemas, una descompostura, y en ese aspecto no pude repetir lo de Lima y Ecuador. Pero en posiciones, mejor\u00e9 60 en relaci\u00f3n a Chattanooga, no estamos lejos de los 10-15 primeros y por eso el balance es muy alentador\u00bb.<\/p>\n<p>El audio completo de la nota a continuaci\u00f3n:<\/p>\n<!--[if lt IE 9]><script>document.createElement('audio');<\/script><![endif]-->\n<audio class=\"wp-audio-shortcode\" id=\"audio-14597-1\" preload=\"none\" style=\"width: 100%;\" controls=\"controls\"><source type=\"audio\/mpeg\" src=\"http:\/\/todoapulmon-rafaela.com\/wp-content\/uploads\/2018\/09\/2018-09-18-Sergio-Peretti.mp3?_=1\" \/><a href=\"http:\/\/todoapulmon-rafaela.com\/wp-content\/uploads\/2018\/09\/2018-09-18-Sergio-Peretti.mp3\">http:\/\/todoapulmon-rafaela.com\/wp-content\/uploads\/2018\/09\/2018-09-18-Sergio-Peretti.mp3<\/a><\/audio>\n<p>&nbsp;<\/p>\n","protected":false},"excerpt":{"rendered":"<p>Esta semana en Todo a Pulm\u00f3n radio una de las voces que tuvimos fue la de Sergio Peretti. En nuestro<\/p>\n","protected":false},"author":2,"featured_media":14601,"comment_status":"open","ping_status":"open","sticky":false,"template":"","format":"standard","meta":{"footnotes":""},"categories":[28],"tags":[],"class_list":["post-14597","post","type-post","status-publish","format-standard","has-post-thumbnail","hentry","category-triatlon"],"cc_featured_image_caption":{"caption_text":"","source_text":"","source_url":""},"_links":{"self":[{"href":"https:\/\/todoapulmon-rafaela.com\/index.php\/wp-json\/wp\/v2\/posts\/14597"}],"collection":[{"href":"https:\/\/todoapulmon-rafaela.com\/index.php\/wp-json\/wp\/v2\/posts"}],"about":[{"href":"https:\/\/todoapulmon-rafaela.com\/index.php\/wp-json\/wp\/v2\/types\/post"}],"author":[{"embeddable":true,"href":"https:\/\/todoapulmon-rafaela.com\/index.php\/wp-json\/wp\/v2\/users\/2"}],"replies":[{"embeddable":true,"href":"https:\/\/todoapulmon-rafaela.com\/index.php\/wp-json\/wp\/v2\/comments?post=14597"}],"version-history":[{"count":1,"href":"https:\/\/todoapulmon-rafaela.com\/index.php\/wp-json\/wp\/v2\/posts\/14597\/revisions"}],"predecessor-version":[{"id":14600,"href":"https:\/\/todoapulmon-rafaela.com\/index.php\/wp-json\/wp\/v2\/posts\/14597\/revisions\/14600"}],"wp:featuredmedia":[{"embeddable":true,"href":"https:\/\/todoapulmon-rafaela.com\/index.php\/wp-json\/wp\/v2\/media\/14601"}],"wp:attachment":[{"href":"https:\/\/todoapulmon-rafaela.com\/index.php\/wp-json\/wp\/v2\/media?parent=14597"}],"wp:term":[{"taxonomy":"category","embeddable":true,"href":"https:\/\/todoapulmon-rafaela.com\/index.php\/wp-json\/wp\/v2\/categories?post=14597"},{"taxonomy":"post_tag","embeddable":true,"href":"https:\/\/todoapulmon-rafaela.com\/index.php\/wp-json\/wp\/v2\/tags?post=14597"}],"curies":[{"name":"wp","href":"https:\/\/api.w.org\/{rel}","templated":true}]}}