{"id":14593,"date":"2018-09-21T17:36:03","date_gmt":"2018-09-21T17:36:03","guid":{"rendered":"http:\/\/todoapulmon-rafaela.com\/?p=14593"},"modified":"2018-09-21T17:36:03","modified_gmt":"2018-09-21T17:36:03","slug":"argentina-y-meli-gretter-debutan-frente-a-turquia-en-el-mundial","status":"publish","type":"post","link":"https:\/\/todoapulmon-rafaela.com\/index.php\/2018\/09\/21\/argentina-y-meli-gretter-debutan-frente-a-turquia-en-el-mundial\/","title":{"rendered":"Argentina y Meli Gretter debutan frente a Turqu\u00eda en el Mundial"},"content":{"rendered":"<div class=\"row pb-content-type-text\">\n<div class=\"col-xs-12 col-print-12\">\n<p class=\"element element-paragraph\">La felicidad por la consagraci\u00f3n en el Sudamericano, luego de 70 a\u00f1os, que se disput\u00f3 en Colombia a\u00fan resuena, pero Las Gigantes ya tienen un nuevo gran objetivo por delante: el\u00a0Mundial de Espa\u00f1a 2018. El debut ser\u00e1 este s\u00e1bado ante\u00a0Turqu\u00eda\u00a0en\u00a0Tenerife\u00a0y marcar\u00e1 el regreso del elenco nacional a la competencia, luego de haberse ausentado en la \u00faltima edici\u00f3n.<\/p>\n<\/div>\n<\/div>\n<div class=\"row pb-content-type-text\">\n<div class=\"col-xs-12 col-print-12\">\n<p class=\"element element-paragraph\">La rafaelina Melisa Gretter es gran figura del seleccionado que dirige Cristian Santander. \u00abEl equipo est\u00e1 bien.\u00a0El haber salido campeonas (del Sudamericano) nos da ese impulso de saber que estamos por el buen camino\u00bb, sostuvo la actual jugadora de\u00a0Uni\u00f3n Florida, de la Liga Nacional, que disfrutar\u00e1 de su primer Mundial de mayores.<\/p>\n<div class=\"row pb-content-type-text\">\n<div class=\"col-xs-12 col-print-12\">\n<p class=\"element element-paragraph\">\u00a0\u00abSolo depende de nosotras\u00bb, asegur\u00f3 \u00abMeli\u00bb, quien tambi\u00e9n reconoci\u00f3 que el nivel de competencia ser\u00e1 superior al del \u00faltimo certamen del que participaron: \u00abSabemos muy bien que el Mundial no tiene nada que ver a lo que es un Sudamericano, pero\u00a0tenemos que seguir con las mismas ganas de competir y de dejar todo en la cancha\u00bb, expres\u00f3 al sitio Infobae.com.<\/p>\n<\/div>\n<\/div>\n<div class=\"row pb-content-type-text\">\n<div class=\"col-xs-12 col-print-12\">\n<p class=\"element element-paragraph\">No ser\u00e1 f\u00e1cil la tarea para el conjunto argentino, que deber\u00e1 sacar a relucir su mejor versi\u00f3n para intentar avanzar a la siguiente fase. En el\u00a0Grupo B, se enfrentar\u00e1 a dos referencias mundiales de la disciplina como\u00a0Australia\u00a0y\u00a0Turqu\u00eda.\u00a0Tambi\u00e9n se medir\u00e1 con\u00a0Nigeria, que son las \u00faltimas campeonas de \u00c1frica.<\/p>\n<\/div>\n<\/div>\n<div class=\"row pb-content-type-text\">\n<div class=\"col-xs-12 col-print-12\">\n<p class=\"element element-paragraph\">\u00abLa expectativa es ir partido tras partido, buscar la clasificaci\u00f3n a la segunda ronda y pensar en tratar de\u00a0mejorar ese noveno puesto, que es la mejor clasificaci\u00f3n de Argentina en un Mundial\u00bb, se\u00f1al\u00f3 Gretter, que ya palpita la gran ilusi\u00f3n de ser una de las privilegiadas de poder vestir la camiseta \u00abAlbiceleste\u00bb en el torneo m\u00e1s importante de la disciplina.<\/p>\n<\/div>\n<\/div>\n<\/div>\n<\/div>\n<p>ALGO DE LOS RIVALES<\/p>\n<p>Argentina debutar\u00e1 el s\u00e1bado a las 10:00 por un Grupo B que adem\u00e1s est\u00e1 compuesto por los s\u00f3lidos seleccionados de Australia y Nigeria (los juegos se podr\u00e1n ver por la TV P\u00fablica).<\/p>\n<p>Turqu\u00eda, el primer rival de las Gigantes en el Mundial, fue una gran potencia en el pasado reciente, pero actualmente se encuentra en un baj\u00f3n pronunciado debido a que no han podido encontrar reemplazantes de fuste para dos leyendas que se alejaron del seleccionado:\u00a0Nevriye Yilmaz y Birsel Vardarli Demirmen. En el \u00faltimo EuroBasket tuvieron que conformarse con un quinto puesto y no llegan a Espa\u00f1a 2018 con las mismas expectativas que en Copas del Mundo anteriores. Quien s\u00ed estar\u00e1 presente en esta cita y ser\u00e1 la abanderada del equipo es\u00a0Isil Alben, la armadora de 32 a\u00f1os del Galtasaray, a partir de ella y de ina enorme cultura basquetbol\u00edstica, las turcas querr\u00e1n demostrar vigencia.<\/p>\n<p>El domingo a las 7:00 de la madrugada llegar\u00e1 el turno del compromiso m\u00e1s exigente de la primera ronda, teniendo en cuenta que Australia es el m\u00e1ximo candidato a pelearle la medalla dorada a los Estados Unidos. Es cierto, no contar\u00e1n con estrellas como Lauren Jackson o Penny Taylor, ni con la lesionada Marianna Tolo, pero el seleccionado oce\u00e1nico tiene una capacidad de recambio brutal. En el juego interior sobresale Liz Cambage, quien posee 2.03 metros y domina en los tableros de la WNBA.<\/p>\n<p>Por \u00faltimo, Las Gigantes cerrar\u00e1n el Grupo B ante Nigeria, el martes desde las 13:30 y tras una jornada de descanso. Las \u00c1guilas Verdes se consagraron campeonas en el AfroBasket 2017 con un balance 8-0 y un triunfo 65-48 ante Senegal en la gran final. Evelyn Akhator, jugadora de la WNBA, fue la figura nigeriana en aquel torneo.<\/p>\n<p>EL EQUIPO ARGENTINO<\/p>\n<p>Melisa Gretter (1.60 \/ base \/ 24-1-93 \/ Rafaela, Santa Fe)<br \/>\nMacarena Durso (1.62 \/ base \/ 16-12-91 \/ Buenos Aires)<br \/>\nD\u00e9bora Gonz\u00e1lez (1.65 \/ base \/ 10-1-90 \/ Lomas de Zamora, Buenos Aires)<\/p>\n<p>Macarena Rosset (1.76 \/ escolta \/ 23-2-91 \/ Jun\u00edn, Buenos Aires)<\/p>\n<p>Natacha P\u00e9rez (1.81 \/ alera \/ 30-3-91 \/ Mendoza)<br \/>\nAndrea Boquete (1.80 \/ alera \/ 24-9-90 \/ Godoy Cruz, Mendoza)<br \/>\nOrnella Santana (1.80 \/ ala-pivot \/ 17-9-90 \/ Buenos Aires)<br \/>\nVictoria Llorente (1.85 \/ ala-pivot \/ 5-6-96 \/ Remedios de Escalada, Buenos AIres)<br \/>\nAgustina Leiva (1.80 \/ ala-pivot \/ 17-8-96 \/ Mendoza)<br \/>\nCelia Fiorotto (1.84 \/ ala-pivot \/ 2-6-92 \/ Gualeguaych\u00fa, Entre R\u00edos)<br \/>\nAgostina Burani (1.85 \/ pivot \/ 4-10-91 \/ Lan\u00fas, Buenos Aires)<br \/>\nMara Marchizotti (1.93 \/ pivot \/ 16-6-94 \/ Buenos Aires).<\/p>\n","protected":false},"excerpt":{"rendered":"<p>La felicidad por la consagraci\u00f3n en el Sudamericano, luego de 70 a\u00f1os, que se disput\u00f3 en Colombia a\u00fan resuena, pero<\/p>\n","protected":false},"author":2,"featured_media":14594,"comment_status":"open","ping_status":"open","sticky":false,"template":"","format":"standard","meta":{"footnotes":""},"categories":[5,24],"tags":[],"class_list":["post-14593","post","type-post","status-publish","format-standard","has-post-thumbnail","hentry","category-basquet","category-noticias-destacadas"],"cc_featured_image_caption":{"caption_text":"","source_text":"","source_url":""},"_links":{"self":[{"href":"https:\/\/todoapulmon-rafaela.com\/index.php\/wp-json\/wp\/v2\/posts\/14593"}],"collection":[{"href":"https:\/\/todoapulmon-rafaela.com\/index.php\/wp-json\/wp\/v2\/posts"}],"about":[{"href":"https:\/\/todoapulmon-rafaela.com\/index.php\/wp-json\/wp\/v2\/types\/post"}],"author":[{"embeddable":true,"href":"https:\/\/todoapulmon-rafaela.com\/index.php\/wp-json\/wp\/v2\/users\/2"}],"replies":[{"embeddable":true,"href":"https:\/\/todoapulmon-rafaela.com\/index.php\/wp-json\/wp\/v2\/comments?post=14593"}],"version-history":[{"count":1,"href":"https:\/\/todoapulmon-rafaela.com\/index.php\/wp-json\/wp\/v2\/posts\/14593\/revisions"}],"predecessor-version":[{"id":14595,"href":"https:\/\/todoapulmon-rafaela.com\/index.php\/wp-json\/wp\/v2\/posts\/14593\/revisions\/14595"}],"wp:featuredmedia":[{"embeddable":true,"href":"https:\/\/todoapulmon-rafaela.com\/index.php\/wp-json\/wp\/v2\/media\/14594"}],"wp:attachment":[{"href":"https:\/\/todoapulmon-rafaela.com\/index.php\/wp-json\/wp\/v2\/media?parent=14593"}],"wp:term":[{"taxonomy":"category","embeddable":true,"href":"https:\/\/todoapulmon-rafaela.com\/index.php\/wp-json\/wp\/v2\/categories?post=14593"},{"taxonomy":"post_tag","embeddable":true,"href":"https:\/\/todoapulmon-rafaela.com\/index.php\/wp-json\/wp\/v2\/tags?post=14593"}],"curies":[{"name":"wp","href":"https:\/\/api.w.org\/{rel}","templated":true}]}}