{"id":14567,"date":"2018-09-20T14:22:02","date_gmt":"2018-09-20T14:22:02","guid":{"rendered":"http:\/\/todoapulmon-rafaela.com\/?p=14567"},"modified":"2018-09-20T17:27:50","modified_gmt":"2018-09-20T17:27:50","slug":"crar-gano-la-final-de-santa-fe-juega-y-va-a-los-evita","status":"publish","type":"post","link":"https:\/\/todoapulmon-rafaela.com\/index.php\/2018\/09\/20\/crar-gano-la-final-de-santa-fe-juega-y-va-a-los-evita\/","title":{"rendered":"CRAR gan\u00f3 la final de Santa Fe Juega y va a los Evita"},"content":{"rendered":"<p>El representativo de CRAR M-16 se coron\u00f3 campe\u00f3n de la final Provincial de Rugby de Santa Fe Juega, que se disput\u00f3 entre ayer y esta ma\u00f1ana en el predio del C\u00edrculo Rafaelino. De esta manera se clasific\u00f3 para ser parte de la delegaci\u00f3n de Santa Fe que disputar\u00e1 los Juegos Nacionales Evita a realizarse a fines de octubre en Mar del Plata.<\/p>\n<p>El elenco de nuestra ciudad, representante de la Regi\u00f3n 2 Nodo Rafaela, gan\u00f3 todos sus encuentros: 31 a 29 a Rosario, 26 a 5 a Venado Tuerto, 53 a 0 a Reconquista y 28 a 5 a Santa Fe. Cabe mencionar que la forma de disputa fue en la modalidad Seven.<\/p>\n<p>El partido clave fue el inicial, ya que perd\u00eda 22 a 0 en el primer tiempo y en una gran remontada en la segunda parte se llev\u00f3 la victoria 31 a 29.<\/p>\n<p>El equipo dirigido por Cristian Cinalli y Alejandro Chiav\u00f3n fue integrado por estos jugadores: Joaqu\u00edn Machado, Jos\u00e9 Francone, L. Colidio, Pedro Ambort, Pedro Rubiolo, Juan Abarca, Ignacio Torres, Santiago Krause, Jer\u00f3nimo Ribero, Juan Cruz Karlen, Mart\u00edn Bocco y Jos\u00e9 C\u00e1ceres.<\/p>\n<div style=\"width: 640px;\" class=\"wp-video\"><!--[if lt IE 9]><script>document.createElement('video');<\/script><![endif]-->\n<video class=\"wp-video-shortcode\" id=\"video-14567-1\" width=\"640\" height=\"360\" preload=\"metadata\" controls=\"controls\"><source type=\"video\/mp4\" src=\"http:\/\/todoapulmon-rafaela.com\/wp-content\/uploads\/2018\/09\/20180920_1046221.mp4?_=1\" \/><a href=\"http:\/\/todoapulmon-rafaela.com\/wp-content\/uploads\/2018\/09\/20180920_1046221.mp4\">http:\/\/todoapulmon-rafaela.com\/wp-content\/uploads\/2018\/09\/20180920_1046221.mp4<\/a><\/video><\/div>\n","protected":false},"excerpt":{"rendered":"<p>El representativo de CRAR M-16 se coron\u00f3 campe\u00f3n de la final Provincial de Rugby de Santa Fe Juega, que se<\/p>\n","protected":false},"author":2,"featured_media":14568,"comment_status":"open","ping_status":"open","sticky":false,"template":"","format":"standard","meta":{"footnotes":""},"categories":[24,2],"tags":[],"class_list":["post-14567","post","type-post","status-publish","format-standard","has-post-thumbnail","hentry","category-noticias-destacadas","category-rugby"],"cc_featured_image_caption":{"caption_text":"","source_text":"","source_url":""},"_links":{"self":[{"href":"https:\/\/todoapulmon-rafaela.com\/index.php\/wp-json\/wp\/v2\/posts\/14567"}],"collection":[{"href":"https:\/\/todoapulmon-rafaela.com\/index.php\/wp-json\/wp\/v2\/posts"}],"about":[{"href":"https:\/\/todoapulmon-rafaela.com\/index.php\/wp-json\/wp\/v2\/types\/post"}],"author":[{"embeddable":true,"href":"https:\/\/todoapulmon-rafaela.com\/index.php\/wp-json\/wp\/v2\/users\/2"}],"replies":[{"embeddable":true,"href":"https:\/\/todoapulmon-rafaela.com\/index.php\/wp-json\/wp\/v2\/comments?post=14567"}],"version-history":[{"count":4,"href":"https:\/\/todoapulmon-rafaela.com\/index.php\/wp-json\/wp\/v2\/posts\/14567\/revisions"}],"predecessor-version":[{"id":14574,"href":"https:\/\/todoapulmon-rafaela.com\/index.php\/wp-json\/wp\/v2\/posts\/14567\/revisions\/14574"}],"wp:featuredmedia":[{"embeddable":true,"href":"https:\/\/todoapulmon-rafaela.com\/index.php\/wp-json\/wp\/v2\/media\/14568"}],"wp:attachment":[{"href":"https:\/\/todoapulmon-rafaela.com\/index.php\/wp-json\/wp\/v2\/media?parent=14567"}],"wp:term":[{"taxonomy":"category","embeddable":true,"href":"https:\/\/todoapulmon-rafaela.com\/index.php\/wp-json\/wp\/v2\/categories?post=14567"},{"taxonomy":"post_tag","embeddable":true,"href":"https:\/\/todoapulmon-rafaela.com\/index.php\/wp-json\/wp\/v2\/tags?post=14567"}],"curies":[{"name":"wp","href":"https:\/\/api.w.org\/{rel}","templated":true}]}}