{"id":14482,"date":"2018-09-14T00:04:25","date_gmt":"2018-09-14T00:04:25","guid":{"rendered":"http:\/\/todoapulmon-rafaela.com\/?p=14482"},"modified":"2018-09-14T00:04:25","modified_gmt":"2018-09-14T00:04:25","slug":"ciclismo-en-los-barrios-llega-a-villa-rosas","status":"publish","type":"post","link":"https:\/\/todoapulmon-rafaela.com\/index.php\/2018\/09\/14\/ciclismo-en-los-barrios-llega-a-villa-rosas\/","title":{"rendered":"Ciclismo en los Barrios llega a Villa Rosas"},"content":{"rendered":"<p>Este s\u00e1bado 15 de setiembre se desarrollar\u00e1 un nuevo encuentro del programa Ciclismo en los Barrios que organiza la Municipalidad de Rafaela con la colaboraci\u00f3n del club Ciclista de nuestra ciudad.<br \/>\nEl mismo se llevar\u00e1 a cabo en un circuito trazado alrededor de la Plaza Rivadavia del barrio Villa Rosas y el comienzo de la actividad est\u00e1 previsto a las 16:00.<br \/>\nCabe recordar que, como en las ediciones anteriores, participar\u00e1n ni\u00f1os y j\u00f3venes de 5 a 12 a\u00f1os quienes podr\u00e1n inscribirse momentos antes de la prueba. Habr\u00e1 premios para las diferentes categor\u00edas y se sortear\u00e1 una bicicleta entre todos los participantes.<\/p>\n","protected":false},"excerpt":{"rendered":"<p>Este s\u00e1bado 15 de setiembre se desarrollar\u00e1 un nuevo encuentro del programa Ciclismo en los Barrios que organiza la Municipalidad<\/p>\n","protected":false},"author":2,"featured_media":14483,"comment_status":"open","ping_status":"open","sticky":false,"template":"","format":"standard","meta":{"footnotes":""},"categories":[4],"tags":[],"class_list":["post-14482","post","type-post","status-publish","format-standard","has-post-thumbnail","hentry","category-ciclismo"],"cc_featured_image_caption":{"caption_text":"Los chicos disfrutar\u00e1n de otro s\u00e1bado de ciclismo barrial (foto prensa Municipalidad).","source_text":"","source_url":""},"_links":{"self":[{"href":"https:\/\/todoapulmon-rafaela.com\/index.php\/wp-json\/wp\/v2\/posts\/14482"}],"collection":[{"href":"https:\/\/todoapulmon-rafaela.com\/index.php\/wp-json\/wp\/v2\/posts"}],"about":[{"href":"https:\/\/todoapulmon-rafaela.com\/index.php\/wp-json\/wp\/v2\/types\/post"}],"author":[{"embeddable":true,"href":"https:\/\/todoapulmon-rafaela.com\/index.php\/wp-json\/wp\/v2\/users\/2"}],"replies":[{"embeddable":true,"href":"https:\/\/todoapulmon-rafaela.com\/index.php\/wp-json\/wp\/v2\/comments?post=14482"}],"version-history":[{"count":1,"href":"https:\/\/todoapulmon-rafaela.com\/index.php\/wp-json\/wp\/v2\/posts\/14482\/revisions"}],"predecessor-version":[{"id":14484,"href":"https:\/\/todoapulmon-rafaela.com\/index.php\/wp-json\/wp\/v2\/posts\/14482\/revisions\/14484"}],"wp:featuredmedia":[{"embeddable":true,"href":"https:\/\/todoapulmon-rafaela.com\/index.php\/wp-json\/wp\/v2\/media\/14483"}],"wp:attachment":[{"href":"https:\/\/todoapulmon-rafaela.com\/index.php\/wp-json\/wp\/v2\/media?parent=14482"}],"wp:term":[{"taxonomy":"category","embeddable":true,"href":"https:\/\/todoapulmon-rafaela.com\/index.php\/wp-json\/wp\/v2\/categories?post=14482"},{"taxonomy":"post_tag","embeddable":true,"href":"https:\/\/todoapulmon-rafaela.com\/index.php\/wp-json\/wp\/v2\/tags?post=14482"}],"curies":[{"name":"wp","href":"https:\/\/api.w.org\/{rel}","templated":true}]}}