{"id":14433,"date":"2018-09-10T16:42:39","date_gmt":"2018-09-10T16:42:39","guid":{"rendered":"http:\/\/todoapulmon-rafaela.com\/?p=14433"},"modified":"2018-09-10T16:42:39","modified_gmt":"2018-09-10T16:42:39","slug":"varios-chicos-de-la-rafaelina-en-el-campus-de-tecnificacion-cabb","status":"publish","type":"post","link":"https:\/\/todoapulmon-rafaela.com\/index.php\/2018\/09\/10\/varios-chicos-de-la-rafaelina-en-el-campus-de-tecnificacion-cabb\/","title":{"rendered":"Varios chicos de la Rafaelina en el Campus de Tecnificaci\u00f3n CABB"},"content":{"rendered":"<div class=\"_5wd4 _1nc7\">\n<div class=\"._1dlq _h8t\">\n<div class=\"_5wd9 direction_ltr clearfix\">\n<div class=\"_1e-x _n4o\">\n<div class=\"_3_bl\">\n<div class=\"_5w1r _3_om _5wdf\">\n<div class=\"_4gx_\">\n<div class=\"_1aa6\"><span class=\"_5yl5\">Durante este fin de semana se hizo un nuevo Campus de Tecnificaci\u00f3n, vinculado al proyecto nacional de formaci\u00f3n impulsado por la Confederaci\u00f3n Argentina de B\u00e1squetbol. El mismo tuvo lugar en el Club CECI de G\u00e1lvez, en el cual los coachs trabajaron con chicos de las clases 2003\/2004 de las Asociaciones Oeste Santafesino y Rafaelina.<\/span><\/div>\n<\/div>\n<\/div>\n<\/div>\n<\/div>\n<\/div>\n<\/div>\n<div class=\"_40qi\">El Coordinador y Entrenador fue Javier Ceci, como invitado estuvo Ra\u00fal Baccala, y el preparador f\u00edsico fue Diego Romera.<\/div>\n<div class=\"_40qi\">El numeroso grupo de chicos de clubes de la ARB estuvo conformado por: Agust\u00edn Alassia, Francisco Cantalejo e Ian Scavino (Atl\u00e9tico); Marco Driussi y Nicol\u00e1s Chiaraviglio (Libertad); Fernando Far\u00edas y Juan Decchiara (Uni\u00f3n); Pablo Grosso (9 de Julio); Ger\u00f3nimo Fagnola (Independiente).<\/div>\n<div class=\"_40qi\"><\/div>\n<\/div>\n<div class=\"_5wd4 _1nc7\">\n<div class=\"._1dlq _h8t\">\n<div class=\"_5wd9 direction_ltr clearfix\">\n<div class=\"_1e-x _n4o\">\n<div class=\"_3_bl\">\n<div class=\"_5w1r _3_om _5wdf\">\n<div class=\"_4gx_\">\n<div class=\"_1aa6\"><\/div>\n<\/div>\n<\/div>\n<\/div>\n<\/div>\n<\/div>\n<\/div>\n<\/div>\n","protected":false},"excerpt":{"rendered":"<p>Durante este fin de semana se hizo un nuevo Campus de Tecnificaci\u00f3n, vinculado al proyecto nacional de formaci\u00f3n impulsado por<\/p>\n","protected":false},"author":2,"featured_media":14434,"comment_status":"open","ping_status":"open","sticky":false,"template":"","format":"standard","meta":{"footnotes":""},"categories":[5,24],"tags":[],"class_list":["post-14433","post","type-post","status-publish","format-standard","has-post-thumbnail","hentry","category-basquet","category-noticias-destacadas"],"cc_featured_image_caption":{"caption_text":"El grupo de chicos de los clubes de la ARB junto al Profe Diego Romera.","source_text":"","source_url":""},"_links":{"self":[{"href":"https:\/\/todoapulmon-rafaela.com\/index.php\/wp-json\/wp\/v2\/posts\/14433"}],"collection":[{"href":"https:\/\/todoapulmon-rafaela.com\/index.php\/wp-json\/wp\/v2\/posts"}],"about":[{"href":"https:\/\/todoapulmon-rafaela.com\/index.php\/wp-json\/wp\/v2\/types\/post"}],"author":[{"embeddable":true,"href":"https:\/\/todoapulmon-rafaela.com\/index.php\/wp-json\/wp\/v2\/users\/2"}],"replies":[{"embeddable":true,"href":"https:\/\/todoapulmon-rafaela.com\/index.php\/wp-json\/wp\/v2\/comments?post=14433"}],"version-history":[{"count":1,"href":"https:\/\/todoapulmon-rafaela.com\/index.php\/wp-json\/wp\/v2\/posts\/14433\/revisions"}],"predecessor-version":[{"id":14435,"href":"https:\/\/todoapulmon-rafaela.com\/index.php\/wp-json\/wp\/v2\/posts\/14433\/revisions\/14435"}],"wp:featuredmedia":[{"embeddable":true,"href":"https:\/\/todoapulmon-rafaela.com\/index.php\/wp-json\/wp\/v2\/media\/14434"}],"wp:attachment":[{"href":"https:\/\/todoapulmon-rafaela.com\/index.php\/wp-json\/wp\/v2\/media?parent=14433"}],"wp:term":[{"taxonomy":"category","embeddable":true,"href":"https:\/\/todoapulmon-rafaela.com\/index.php\/wp-json\/wp\/v2\/categories?post=14433"},{"taxonomy":"post_tag","embeddable":true,"href":"https:\/\/todoapulmon-rafaela.com\/index.php\/wp-json\/wp\/v2\/tags?post=14433"}],"curies":[{"name":"wp","href":"https:\/\/api.w.org\/{rel}","templated":true}]}}