{"id":14322,"date":"2018-09-03T00:35:47","date_gmt":"2018-09-03T00:35:47","guid":{"rendered":"http:\/\/todoapulmon-rafaela.com\/?p=14322"},"modified":"2018-09-03T02:11:58","modified_gmt":"2018-09-03T02:11:58","slug":"un-domingo-sonado-para-sofia-kloster-y-jonatan-acevedo","status":"publish","type":"post","link":"https:\/\/todoapulmon-rafaela.com\/index.php\/2018\/09\/03\/un-domingo-sonado-para-sofia-kloster-y-jonatan-acevedo\/","title":{"rendered":"Un domingo so\u00f1ado para Sof\u00eda Kloster y Jonatan Acevedo"},"content":{"rendered":"<p>Cuando hace algunas semanas la Consudatle cambi\u00f3 la fecha del Sudamericano U23 adelant\u00e1ndolo para este mes, adem\u00e1s de modificar la sede de C\u00f3rdoba por Cuenca (Ecuador), parec\u00eda que la temporada estaba perdida deportivamente para Sof\u00eda Kloster, que junto a su entrenador Ariel Magallanes hab\u00edan puesto todas las fichas en llegar a dicho certamen.<br \/>\nPero esa mala noticia y el consecuente fastidio, se canaliz\u00f3 de la mejor manera en el sentido de buscar r\u00e1pidamente nuevos objetivos. Este fin de semana los marchistas del CRAS participaron, fuera de prueba, de la Copa Nacional U18 en la cual viaj\u00f3 una delegaci\u00f3n de la citada instituci\u00f3n.<br \/>\nEl s\u00e1bado, Sofi consigui\u00f3 el el nuevo r\u00e9cord argentino de 5 kil\u00f3metros de marcha con un tiempo de 24m27s66\/100, que es una nueva marca r\u00e9cord en la distancia en la categor\u00eda U23,\u00a0dejando atr\u00e1s los 24m49s logrados el a\u00f1o pasado por la marplatense Brenda Palma en Mendoza.<br \/>\nPero eso no fue todo, ya que Kloster este domingo obtuvo el r\u00e9cord absoluto de 10.000 metros marcha con 50m31s45, tambi\u00e9n desplazando el registro de Palma del a\u00f1o pasado en Trujillo (Per\u00fa) con 50m48s75.<\/p>\n<p>Sumado al r\u00e9cord de 20 km de principios de a\u00f1o en Ezeiza, los logros abarcan todas las distancias.<br \/>\nCabe acotar que la atleta entrenada por Ariel Magallanes estuvo haciendo hace algunas semanas el segundo campamento de altura del a\u00f1o en Cachi, Salta, el cual indudablemente ha dado excelentes resultados.<\/p>\n<p>TAMBIEN ACEVEDO<br \/>\nPor su parte, el marchista Jonatan Acevedo, el bonaerense que se sum\u00f3 en 2018 a las filas del CRAS con el entrenador Ariel Magallanes, consigui\u00f3 en la capital chaque\u00f1a su mejor marca personal en 10.000 metros con 42m56s78. Solamente es superado en nuestro pa\u00eds en la tabla de registros por Juan Manuel Cano. Qued\u00f3 como r\u00e9cord provincial para Santa Fe.<\/p>\n<p>COPA U18<br \/>\nEn el marco de la Copa Nacional U18, obtuvieron medalla de bronce: Francisco Bonetto en 400 metros con vallas (63s50) y Valentina Iozia en salto en alto (1m50); mientras que fueron cuartos Iozia en salto en largo, Abigail Sc\u00e1ndolo en 5.000 metros marcha, y quinto Valent\u00edn Menossi en lanzamiento del martillo. Tambi\u00e9n particip\u00f3 Maximiliano Ranallo en jabalina.<br \/>\nAlgunos de estos chicos son entrenados por Leandro Bonamino, quien estuvo a cargo del equipo de atletismo de los Juegos de la Regi\u00f3n Centro en Concepci\u00f3n del Uruguay, sobre lo que informaremos en pr\u00f3ximas ediciones.<\/p>\n","protected":false},"excerpt":{"rendered":"<p>Cuando hace algunas semanas la Consudatle cambi\u00f3 la fecha del Sudamericano U23 adelant\u00e1ndolo para este mes, adem\u00e1s de modificar la<\/p>\n","protected":false},"author":2,"featured_media":14323,"comment_status":"open","ping_status":"open","sticky":false,"template":"","format":"standard","meta":{"footnotes":""},"categories":[7,24],"tags":[],"class_list":["post-14322","post","type-post","status-publish","format-standard","has-post-thumbnail","hentry","category-atletismo","category-noticias-destacadas"],"cc_featured_image_caption":{"caption_text":"Sof\u00eda Kloster, Ariel Magallanes y Jonatan Acevedo, trabajo de equipo que rindi\u00f3 de manera excelente.","source_text":"","source_url":""},"_links":{"self":[{"href":"https:\/\/todoapulmon-rafaela.com\/index.php\/wp-json\/wp\/v2\/posts\/14322"}],"collection":[{"href":"https:\/\/todoapulmon-rafaela.com\/index.php\/wp-json\/wp\/v2\/posts"}],"about":[{"href":"https:\/\/todoapulmon-rafaela.com\/index.php\/wp-json\/wp\/v2\/types\/post"}],"author":[{"embeddable":true,"href":"https:\/\/todoapulmon-rafaela.com\/index.php\/wp-json\/wp\/v2\/users\/2"}],"replies":[{"embeddable":true,"href":"https:\/\/todoapulmon-rafaela.com\/index.php\/wp-json\/wp\/v2\/comments?post=14322"}],"version-history":[{"count":3,"href":"https:\/\/todoapulmon-rafaela.com\/index.php\/wp-json\/wp\/v2\/posts\/14322\/revisions"}],"predecessor-version":[{"id":14330,"href":"https:\/\/todoapulmon-rafaela.com\/index.php\/wp-json\/wp\/v2\/posts\/14322\/revisions\/14330"}],"wp:featuredmedia":[{"embeddable":true,"href":"https:\/\/todoapulmon-rafaela.com\/index.php\/wp-json\/wp\/v2\/media\/14323"}],"wp:attachment":[{"href":"https:\/\/todoapulmon-rafaela.com\/index.php\/wp-json\/wp\/v2\/media?parent=14322"}],"wp:term":[{"taxonomy":"category","embeddable":true,"href":"https:\/\/todoapulmon-rafaela.com\/index.php\/wp-json\/wp\/v2\/categories?post=14322"},{"taxonomy":"post_tag","embeddable":true,"href":"https:\/\/todoapulmon-rafaela.com\/index.php\/wp-json\/wp\/v2\/tags?post=14322"}],"curies":[{"name":"wp","href":"https:\/\/api.w.org\/{rel}","templated":true}]}}