{"id":14290,"date":"2018-09-01T19:05:58","date_gmt":"2018-09-01T19:05:58","guid":{"rendered":"http:\/\/todoapulmon-rafaela.com\/?p=14290"},"modified":"2018-09-02T03:15:39","modified_gmt":"2018-09-02T03:15:39","slug":"sofia-kloster-logro-el-record-argentino-u23-en-5-000-metros-marcha","status":"publish","type":"post","link":"https:\/\/todoapulmon-rafaela.com\/index.php\/2018\/09\/01\/sofia-kloster-logro-el-record-argentino-u23-en-5-000-metros-marcha\/","title":{"rendered":"Sof\u00eda Kloster logr\u00f3 el r\u00e9cord argentino U23 en 5.000 metros marcha"},"content":{"rendered":"<p>La rafaelina Sof\u00eda Kloster consigui\u00f3 este s\u00e1bado el nuevo r\u00e9cord argentino de 5 kil\u00f3metros de marcha en Resistencia. En una prueba fuera de programa de la Copa Nacional U18 en la capital chaque\u00f1a, la marchista que representa al CRAS registr\u00f3 un tiempo de 24m27s66\/100, que es una nueva marca r\u00e9cord en la distancia en la categor\u00eda U23.<\/p>\n<p>La atleta entrenada por Ariel Magallanes tuvo de esta manera una importante satisfacci\u00f3n, como hab\u00eda sido a comienzos de a\u00f1o en Ezeiza, en 20 kil\u00f3metros.<\/p>\n<p>Sofi logr\u00f3 el nuevo registro dejando atr\u00e1s los 24m49s0 logrados el a\u00f1o pasado por la marplatense Brenda Palma en Mendoza.<\/p>\n<p><img loading=\"lazy\" decoding=\"async\" class=\"alignnone size-medium wp-image-14291\" src=\"http:\/\/todoapulmon-rafaela.com\/wp-content\/uploads\/2018\/09\/IMG-20180901-WA0028-300x225.jpg\" alt=\"IMG-20180901-WA0028\" width=\"300\" height=\"225\" srcset=\"https:\/\/todoapulmon-rafaela.com\/wp-content\/uploads\/2018\/09\/IMG-20180901-WA0028-300x225.jpg 300w, https:\/\/todoapulmon-rafaela.com\/wp-content\/uploads\/2018\/09\/IMG-20180901-WA0028-768x576.jpg 768w, https:\/\/todoapulmon-rafaela.com\/wp-content\/uploads\/2018\/09\/IMG-20180901-WA0028-1024x768.jpg 1024w, https:\/\/todoapulmon-rafaela.com\/wp-content\/uploads\/2018\/09\/IMG-20180901-WA0028.jpg 1280w\" sizes=\"(max-width: 300px) 100vw, 300px\" \/><\/p>\n","protected":false},"excerpt":{"rendered":"<p>La rafaelina Sof\u00eda Kloster consigui\u00f3 este s\u00e1bado el nuevo r\u00e9cord argentino de 5 kil\u00f3metros de marcha en Resistencia. En una<\/p>\n","protected":false},"author":2,"featured_media":14292,"comment_status":"open","ping_status":"open","sticky":false,"template":"","format":"standard","meta":{"footnotes":""},"categories":[7,24],"tags":[],"class_list":["post-14290","post","type-post","status-publish","format-standard","has-post-thumbnail","hentry","category-atletismo","category-noticias-destacadas"],"cc_featured_image_caption":{"caption_text":"Ariel Magallanes y Sof\u00eda Kloster en un s\u00e1bado muy feliz.","source_text":"","source_url":""},"_links":{"self":[{"href":"https:\/\/todoapulmon-rafaela.com\/index.php\/wp-json\/wp\/v2\/posts\/14290"}],"collection":[{"href":"https:\/\/todoapulmon-rafaela.com\/index.php\/wp-json\/wp\/v2\/posts"}],"about":[{"href":"https:\/\/todoapulmon-rafaela.com\/index.php\/wp-json\/wp\/v2\/types\/post"}],"author":[{"embeddable":true,"href":"https:\/\/todoapulmon-rafaela.com\/index.php\/wp-json\/wp\/v2\/users\/2"}],"replies":[{"embeddable":true,"href":"https:\/\/todoapulmon-rafaela.com\/index.php\/wp-json\/wp\/v2\/comments?post=14290"}],"version-history":[{"count":2,"href":"https:\/\/todoapulmon-rafaela.com\/index.php\/wp-json\/wp\/v2\/posts\/14290\/revisions"}],"predecessor-version":[{"id":14307,"href":"https:\/\/todoapulmon-rafaela.com\/index.php\/wp-json\/wp\/v2\/posts\/14290\/revisions\/14307"}],"wp:featuredmedia":[{"embeddable":true,"href":"https:\/\/todoapulmon-rafaela.com\/index.php\/wp-json\/wp\/v2\/media\/14292"}],"wp:attachment":[{"href":"https:\/\/todoapulmon-rafaela.com\/index.php\/wp-json\/wp\/v2\/media?parent=14290"}],"wp:term":[{"taxonomy":"category","embeddable":true,"href":"https:\/\/todoapulmon-rafaela.com\/index.php\/wp-json\/wp\/v2\/categories?post=14290"},{"taxonomy":"post_tag","embeddable":true,"href":"https:\/\/todoapulmon-rafaela.com\/index.php\/wp-json\/wp\/v2\/tags?post=14290"}],"curies":[{"name":"wp","href":"https:\/\/api.w.org\/{rel}","templated":true}]}}