{"id":14285,"date":"2018-09-01T18:33:08","date_gmt":"2018-09-01T18:33:08","guid":{"rendered":"http:\/\/todoapulmon-rafaela.com\/?p=14285"},"modified":"2018-09-01T18:33:08","modified_gmt":"2018-09-01T18:33:08","slug":"almagro-retoma-el-futbol-infantil-desde-el-martes","status":"publish","type":"post","link":"https:\/\/todoapulmon-rafaela.com\/index.php\/2018\/09\/01\/almagro-retoma-el-futbol-infantil-desde-el-martes\/","title":{"rendered":"Almagro retoma el f\u00fatbol infantil desde el martes"},"content":{"rendered":"<p>Desde el martes 4 de septiembre, el Club Almagro comenzar\u00e1 con la pr\u00e1ctica del f\u00fatbol infantil, retomando la disciplina luego de algunos a\u00f1os. En esta oportunidad la Escuelita estar\u00e1 a cargo de Juan Sabia, un futbolista profesional de importante trayectoria en el pa\u00eds, que fue campe\u00f3n con Argentinos Juniors y que actualmente est\u00e1 en el tramo final de su carrera jugando en Ferrocarril del Estado el torneo de la Liga Rafaelina. En sus comienzos fue jugador de Ben Hur y luego pas\u00f3 tambi\u00e9n por Gimnasia de Jujuy y V\u00e9lez Sarsfield, entre otros clubes.<\/p>\n<p>La actividad se llevar\u00e1 a cabo en el campo de deportes ubicado en barrio Villa Podio, para ni\u00f1os y ni\u00f1as de 6 a 13 a\u00f1os, los martes y jueves de 18 a 19, y de 19.15 a 20.15 en dos grupos. Las inscripciones pueden realizarse en la sede de la entidad, Garibaldi 1157 o consultar al tel\u00e9fono 423529.<\/p>\n<p>\u00abEl objetivo de la Escuelita es ense\u00f1ar mediante el juego, trabajar mucho sobre la t\u00e9cnica de los chicos. Tratar que logren el aprendizaje, subiendo paulatinamente el nivel de ense\u00f1anza y que se diviertan aprendiendo, siempre desde el juego. Queremos que puedan disfrutarlo. Tambi\u00e9n tratando de educar a los chicos mediante lo que podamos, fundamentalmente desde el respeto\u00bb, expres\u00f3 Sabia sobre los objetivos de esta nueva propuesta.<\/p>\n<p><img loading=\"lazy\" decoding=\"async\" class=\"alignnone size-medium wp-image-14288\" src=\"http:\/\/todoapulmon-rafaela.com\/wp-content\/uploads\/2018\/09\/Juan-Sabia-300x225.jpg\" alt=\"Juan Sabia\" width=\"300\" height=\"225\" srcset=\"https:\/\/todoapulmon-rafaela.com\/wp-content\/uploads\/2018\/09\/Juan-Sabia-300x225.jpg 300w, https:\/\/todoapulmon-rafaela.com\/wp-content\/uploads\/2018\/09\/Juan-Sabia-768x576.jpg 768w, https:\/\/todoapulmon-rafaela.com\/wp-content\/uploads\/2018\/09\/Juan-Sabia.jpg 800w\" sizes=\"(max-width: 300px) 100vw, 300px\" \/><\/p>\n<p>&nbsp;<\/p>\n<p>&nbsp;<\/p>\n","protected":false},"excerpt":{"rendered":"<p>Desde el martes 4 de septiembre, el Club Almagro comenzar\u00e1 con la pr\u00e1ctica del f\u00fatbol infantil, retomando la disciplina luego<\/p>\n","protected":false},"author":2,"featured_media":14287,"comment_status":"open","ping_status":"open","sticky":false,"template":"","format":"standard","meta":{"footnotes":""},"categories":[1],"tags":[],"class_list":["post-14285","post","type-post","status-publish","format-standard","has-post-thumbnail","hentry","category-sin-categoria"],"cc_featured_image_caption":{"caption_text":"","source_text":"","source_url":""},"_links":{"self":[{"href":"https:\/\/todoapulmon-rafaela.com\/index.php\/wp-json\/wp\/v2\/posts\/14285"}],"collection":[{"href":"https:\/\/todoapulmon-rafaela.com\/index.php\/wp-json\/wp\/v2\/posts"}],"about":[{"href":"https:\/\/todoapulmon-rafaela.com\/index.php\/wp-json\/wp\/v2\/types\/post"}],"author":[{"embeddable":true,"href":"https:\/\/todoapulmon-rafaela.com\/index.php\/wp-json\/wp\/v2\/users\/2"}],"replies":[{"embeddable":true,"href":"https:\/\/todoapulmon-rafaela.com\/index.php\/wp-json\/wp\/v2\/comments?post=14285"}],"version-history":[{"count":1,"href":"https:\/\/todoapulmon-rafaela.com\/index.php\/wp-json\/wp\/v2\/posts\/14285\/revisions"}],"predecessor-version":[{"id":14289,"href":"https:\/\/todoapulmon-rafaela.com\/index.php\/wp-json\/wp\/v2\/posts\/14285\/revisions\/14289"}],"wp:featuredmedia":[{"embeddable":true,"href":"https:\/\/todoapulmon-rafaela.com\/index.php\/wp-json\/wp\/v2\/media\/14287"}],"wp:attachment":[{"href":"https:\/\/todoapulmon-rafaela.com\/index.php\/wp-json\/wp\/v2\/media?parent=14285"}],"wp:term":[{"taxonomy":"category","embeddable":true,"href":"https:\/\/todoapulmon-rafaela.com\/index.php\/wp-json\/wp\/v2\/categories?post=14285"},{"taxonomy":"post_tag","embeddable":true,"href":"https:\/\/todoapulmon-rafaela.com\/index.php\/wp-json\/wp\/v2\/tags?post=14285"}],"curies":[{"name":"wp","href":"https:\/\/api.w.org\/{rel}","templated":true}]}}