{"id":14263,"date":"2018-09-01T02:10:32","date_gmt":"2018-09-01T02:10:32","guid":{"rendered":"http:\/\/todoapulmon-rafaela.com\/?p=14263"},"modified":"2018-09-01T02:10:32","modified_gmt":"2018-09-01T02:10:32","slug":"acuna-en-la-lista-para-mexico-y-puerto-rico","status":"publish","type":"post","link":"https:\/\/todoapulmon-rafaela.com\/index.php\/2018\/09\/01\/acuna-en-la-lista-para-mexico-y-puerto-rico\/","title":{"rendered":"Acu\u00f1a en la lista para M\u00e9xico y Puerto Rico"},"content":{"rendered":"<p>La Selecci\u00f3n Argentina ya tiene su lista de convocados para los partidos que disputar\u00e1 ante M\u00e9xico (el 14 de septiembre, en el DF) y Puerto Rico (el 17, en Formosa). El equipo de Sergio Hern\u00e1ndez tendr\u00e1 a 11 de los 12 jugadores que participaron de la ventana pasada, con el ingreso de Gabriel Deck en lugar de Patricio Garino, quien obviamente estaba citado pero fue dado de baja por lesi\u00f3n. De tal modo contin\u00faa entre los citados el rafaelino Roberto Acu\u00f1a.<\/p>\n<p>Parte del plantel se reunir\u00e1 en Buenos Aires el domingo 9 e inmediatamente se trasladar\u00e1 al aeropuerto de Ezeiza, donde volar\u00e1 hacia M\u00e9xico a las cuatro de la madrugada (Copa Airlines, con escala en Panam\u00e1). Ya en tierras aztecas, la delegaci\u00f3n se reunir\u00e1 con los otros seis citados que se sumar\u00e1n directamente desde Espa\u00f1a (llegan el lunes 10 por la tarde). Durante su estad\u00eda en M\u00e9xico, la Selecci\u00f3n se entrenar\u00e1 en el gimnasio Juan de la Barrera de cara al juego del 14, determinante para las aspiraciones mundialistas de ambos conjuntos. El estadio es el mismo en el que recientemente se llev\u00f3 a cabo el FIBA Am\u00e9ricas U18 Femenino.<\/p>\n<p>Al d\u00eda siguiente, a las 10 de la ma\u00f1ana, Argentina retornar\u00e1 inmediatamente al pa\u00eds, dado que con un margen de tiempo muy acotado, tendr\u00e1 que trasladarse a Formosa (v\u00eda Asunci\u00f3n), para chocar con Puerto Rico, el lunes 17, a las 21.15, en el hermoso Polideportivo Cincuentenario. Para ese juego, las entradas ya est\u00e1n a la venta a trav\u00e9s de Ticketek (desde 400 pesos).<\/p>\n<p>Vale recordar que Argentina termin\u00f3 la primera fase de este nuevo sistema de clasificaci\u00f3n en el primer lugar del Grupo A (r\u00e9cord 5-1) y que en esta nueva instancia (Zona E) se enfrentar\u00e1 con los mencionados seleccionados de Puerto Rico y M\u00e9xico, adem\u00e1s de Estados Unidos.<\/p>\n<p>Lista de convocados:<br \/>\nBases:<br \/>\nFacundo Campazzo (Real Madrid)<br \/>\nNicol\u00e1s Laprovittola (Joventut Badalona)<br \/>\nLuca Vildoza (Baskonia)<\/p>\n<p>Escoltas:<br \/>\nNicol\u00e1s Brussino (Iberostar Tenerife)<br \/>\nEric Flor (Boca Juniors)<br \/>\nMaximo Fjellerup (San Lorenzo)<\/p>\n<p>Aleros:<br \/>\nGabriel Deck (Real Madrid)<br \/>\nFranco Giorgetti (Gimnasia CR)<\/p>\n<p>Ala Pivotes:<br \/>\nLuis Scola (Shanghai Sharks)<br \/>\nJavier Saiz (Regatas C)<\/p>\n<p>Pivotes:<br \/>\nMarcos Delia (UCAM Murcia)<br \/>\nRoberto Acu\u00f1a (Quimsa)<\/p>\n<p>Cuerpo t\u00e9cnico:<br \/>\nDT: Sergio Hern\u00e1ndez<br \/>\nAsistentes: Silvio Santander, Gabriel Piccato, Maxi Seigorman<br \/>\nPF: Manuel Alvarez<br \/>\nKinesi\u00f3logos: Leandro Amigo y Santiago Ledesma<br \/>\nM\u00e9dico: Juan Dere<br \/>\nJefe de equipo: Juan Sebastia.<\/p>\n<p>(Fuente: prensa CABB).<\/p>\n","protected":false},"excerpt":{"rendered":"<p>La Selecci\u00f3n Argentina ya tiene su lista de convocados para los partidos que disputar\u00e1 ante M\u00e9xico (el 14 de septiembre,<\/p>\n","protected":false},"author":2,"featured_media":14264,"comment_status":"open","ping_status":"open","sticky":false,"template":"","format":"standard","meta":{"footnotes":""},"categories":[5,24],"tags":[],"class_list":["post-14263","post","type-post","status-publish","format-standard","has-post-thumbnail","hentry","category-basquet","category-noticias-destacadas"],"cc_featured_image_caption":{"caption_text":"","source_text":"","source_url":""},"_links":{"self":[{"href":"https:\/\/todoapulmon-rafaela.com\/index.php\/wp-json\/wp\/v2\/posts\/14263"}],"collection":[{"href":"https:\/\/todoapulmon-rafaela.com\/index.php\/wp-json\/wp\/v2\/posts"}],"about":[{"href":"https:\/\/todoapulmon-rafaela.com\/index.php\/wp-json\/wp\/v2\/types\/post"}],"author":[{"embeddable":true,"href":"https:\/\/todoapulmon-rafaela.com\/index.php\/wp-json\/wp\/v2\/users\/2"}],"replies":[{"embeddable":true,"href":"https:\/\/todoapulmon-rafaela.com\/index.php\/wp-json\/wp\/v2\/comments?post=14263"}],"version-history":[{"count":1,"href":"https:\/\/todoapulmon-rafaela.com\/index.php\/wp-json\/wp\/v2\/posts\/14263\/revisions"}],"predecessor-version":[{"id":14265,"href":"https:\/\/todoapulmon-rafaela.com\/index.php\/wp-json\/wp\/v2\/posts\/14263\/revisions\/14265"}],"wp:featuredmedia":[{"embeddable":true,"href":"https:\/\/todoapulmon-rafaela.com\/index.php\/wp-json\/wp\/v2\/media\/14264"}],"wp:attachment":[{"href":"https:\/\/todoapulmon-rafaela.com\/index.php\/wp-json\/wp\/v2\/media?parent=14263"}],"wp:term":[{"taxonomy":"category","embeddable":true,"href":"https:\/\/todoapulmon-rafaela.com\/index.php\/wp-json\/wp\/v2\/categories?post=14263"},{"taxonomy":"post_tag","embeddable":true,"href":"https:\/\/todoapulmon-rafaela.com\/index.php\/wp-json\/wp\/v2\/tags?post=14263"}],"curies":[{"name":"wp","href":"https:\/\/api.w.org\/{rel}","templated":true}]}}