{"id":14114,"date":"2018-08-22T17:59:01","date_gmt":"2018-08-22T17:59:01","guid":{"rendered":"http:\/\/todoapulmon-rafaela.com\/?p=14114"},"modified":"2018-08-22T20:51:18","modified_gmt":"2018-08-22T20:51:18","slug":"araceli-mondino-gano-los-100-con-vallas-y-clasifico-a-los-evita","status":"publish","type":"post","link":"https:\/\/todoapulmon-rafaela.com\/index.php\/2018\/08\/22\/araceli-mondino-gano-los-100-con-vallas-y-clasifico-a-los-evita\/","title":{"rendered":"Araceli Mondino gan\u00f3 los 100 con vallas y clasific\u00f3 a los Evita"},"content":{"rendered":"<p>La rafaelina Araceli Mondino logr\u00f3 este mi\u00e9rcoles la clasificaci\u00f3n a los Juegos Evita, al imponerse en la final de los 100 metros con vallas de Santa Fe Juega, en el marco de las finales que el atletismo est\u00e1 realizando en la pista sint\u00e9tica de Rosario.<\/p>\n<p>Ara, que representa al Colegio San Jos\u00e9, clasific\u00f3 con 15 a\u00f1os en la categor\u00eda U17 ganando por amplio margen como lo demuestra el video que les mostramos, en un tiempo de 15s79\/100. Recordemos que las finales Evita ser\u00e1n del 21 al 27 de octubre en Mar del Plata.<\/p>\n<div style=\"width: 800px;\" class=\"wp-video\"><!--[if lt IE 9]><script>document.createElement('video');<\/script><![endif]-->\n<video class=\"wp-video-shortcode\" id=\"video-14114-1\" width=\"800\" height=\"453\" preload=\"metadata\" controls=\"controls\"><source type=\"video\/mp4\" src=\"http:\/\/todoapulmon-rafaela.com\/wp-content\/uploads\/2018\/08\/VID-20180822-WA00031.mp4?_=1\" \/><a href=\"http:\/\/todoapulmon-rafaela.com\/wp-content\/uploads\/2018\/08\/VID-20180822-WA00031.mp4\">http:\/\/todoapulmon-rafaela.com\/wp-content\/uploads\/2018\/08\/VID-20180822-WA00031.mp4<\/a><\/video><\/div>\n","protected":false},"excerpt":{"rendered":"<p>La rafaelina Araceli Mondino logr\u00f3 este mi\u00e9rcoles la clasificaci\u00f3n a los Juegos Evita, al imponerse en la final de los<\/p>\n","protected":false},"author":2,"featured_media":14115,"comment_status":"open","ping_status":"open","sticky":false,"template":"","format":"standard","meta":{"footnotes":""},"categories":[7,24],"tags":[],"class_list":["post-14114","post","type-post","status-publish","format-standard","has-post-thumbnail","hentry","category-atletismo","category-noticias-destacadas"],"cc_featured_image_caption":{"caption_text":"El podio de la competencia donde se impuso Araceli Mondino.","source_text":"","source_url":""},"_links":{"self":[{"href":"https:\/\/todoapulmon-rafaela.com\/index.php\/wp-json\/wp\/v2\/posts\/14114"}],"collection":[{"href":"https:\/\/todoapulmon-rafaela.com\/index.php\/wp-json\/wp\/v2\/posts"}],"about":[{"href":"https:\/\/todoapulmon-rafaela.com\/index.php\/wp-json\/wp\/v2\/types\/post"}],"author":[{"embeddable":true,"href":"https:\/\/todoapulmon-rafaela.com\/index.php\/wp-json\/wp\/v2\/users\/2"}],"replies":[{"embeddable":true,"href":"https:\/\/todoapulmon-rafaela.com\/index.php\/wp-json\/wp\/v2\/comments?post=14114"}],"version-history":[{"count":3,"href":"https:\/\/todoapulmon-rafaela.com\/index.php\/wp-json\/wp\/v2\/posts\/14114\/revisions"}],"predecessor-version":[{"id":14123,"href":"https:\/\/todoapulmon-rafaela.com\/index.php\/wp-json\/wp\/v2\/posts\/14114\/revisions\/14123"}],"wp:featuredmedia":[{"embeddable":true,"href":"https:\/\/todoapulmon-rafaela.com\/index.php\/wp-json\/wp\/v2\/media\/14115"}],"wp:attachment":[{"href":"https:\/\/todoapulmon-rafaela.com\/index.php\/wp-json\/wp\/v2\/media?parent=14114"}],"wp:term":[{"taxonomy":"category","embeddable":true,"href":"https:\/\/todoapulmon-rafaela.com\/index.php\/wp-json\/wp\/v2\/categories?post=14114"},{"taxonomy":"post_tag","embeddable":true,"href":"https:\/\/todoapulmon-rafaela.com\/index.php\/wp-json\/wp\/v2\/tags?post=14114"}],"curies":[{"name":"wp","href":"https:\/\/api.w.org\/{rel}","templated":true}]}}