{"id":14060,"date":"2018-08-19T13:31:10","date_gmt":"2018-08-19T13:31:10","guid":{"rendered":"http:\/\/todoapulmon-rafaela.com\/?p=14060"},"modified":"2018-08-19T13:33:26","modified_gmt":"2018-08-19T13:33:26","slug":"karatecas-de-almagro-se-destacaron-en-brinkmann","status":"publish","type":"post","link":"https:\/\/todoapulmon-rafaela.com\/index.php\/2018\/08\/19\/karatecas-de-almagro-se-destacaron-en-brinkmann\/","title":{"rendered":"Karatecas de Almagro se destacaron en Brinkmann"},"content":{"rendered":"<div dir=\"auto\">El pasado domingo 12 de agosto se desarroll\u00f3 un torneo de Karate-Do en Brinkmann (C\u00f3rdoba), en el cual asisti\u00f3 una delegaci\u00f3n del Dojo Almagro, a cargo del instructor Carlos Abelda\u00f1o, con muy buenos resultados.<\/div>\n<div dir=\"auto\">Este es el detalle de la participaci\u00f3n del equipo rafaelino:<\/div>\n<div dir=\"auto\">El\u00edas Correa: 2\u00b0 puesto en Kata y 2\u00b0 puesto en Kumite Juveniles.<\/div>\n<div dir=\"auto\">Triana Ram\u00edrez: 1\u00b0 puesto en Kata y 3\u00b0 puesto en Kumite Cadetes.<\/div>\n<div dir=\"auto\">Francisco Villegas: 4\u00b0 puesto en Kumite 11 a 12 a\u00f1os.<\/div>\n<div dir=\"auto\">Mateo Moncada: 4\u00b0 puesto en Kata y 3\u00b0puesto en Kumite 11 a 12 a\u00f1os.<\/div>\n<div dir=\"auto\">Nicol\u00e1s Echavarria: 2\u00b0 puesto en Kata y 1\u00b0 puesto en Kumite 8 a 10 a\u00f1os.<\/div>\n<div dir=\"auto\">Genaro Gilli: 1\u00b0 puesto en Kata y 2\u00b0 puesto en Kumite 8 a 10 a\u00f1os.<\/div>\n<div dir=\"auto\">Guillermina Berttini: 1\u00b0 puesto en Kumite hasta 7 a\u00f1os.<\/div>\n<div dir=\"auto\">Echavarria, Gilli y Berttini 3\u00b0 puesto en Kata Equipos hasta 10 a\u00f1os.<\/div>\n","protected":false},"excerpt":{"rendered":"<p>El pasado domingo 12 de agosto se desarroll\u00f3 un torneo de Karate-Do en Brinkmann (C\u00f3rdoba), en el cual asisti\u00f3 una<\/p>\n","protected":false},"author":2,"featured_media":14063,"comment_status":"open","ping_status":"open","sticky":false,"template":"","format":"standard","meta":{"footnotes":""},"categories":[18,24],"tags":[],"class_list":["post-14060","post","type-post","status-publish","format-standard","has-post-thumbnail","hentry","category-artes-marciales","category-noticias-destacadas"],"cc_featured_image_caption":{"caption_text":"La delegaci\u00f3n de Almagro que particip\u00f3 en Brinkmann.","source_text":"","source_url":""},"_links":{"self":[{"href":"https:\/\/todoapulmon-rafaela.com\/index.php\/wp-json\/wp\/v2\/posts\/14060"}],"collection":[{"href":"https:\/\/todoapulmon-rafaela.com\/index.php\/wp-json\/wp\/v2\/posts"}],"about":[{"href":"https:\/\/todoapulmon-rafaela.com\/index.php\/wp-json\/wp\/v2\/types\/post"}],"author":[{"embeddable":true,"href":"https:\/\/todoapulmon-rafaela.com\/index.php\/wp-json\/wp\/v2\/users\/2"}],"replies":[{"embeddable":true,"href":"https:\/\/todoapulmon-rafaela.com\/index.php\/wp-json\/wp\/v2\/comments?post=14060"}],"version-history":[{"count":1,"href":"https:\/\/todoapulmon-rafaela.com\/index.php\/wp-json\/wp\/v2\/posts\/14060\/revisions"}],"predecessor-version":[{"id":14062,"href":"https:\/\/todoapulmon-rafaela.com\/index.php\/wp-json\/wp\/v2\/posts\/14060\/revisions\/14062"}],"wp:featuredmedia":[{"embeddable":true,"href":"https:\/\/todoapulmon-rafaela.com\/index.php\/wp-json\/wp\/v2\/media\/14063"}],"wp:attachment":[{"href":"https:\/\/todoapulmon-rafaela.com\/index.php\/wp-json\/wp\/v2\/media?parent=14060"}],"wp:term":[{"taxonomy":"category","embeddable":true,"href":"https:\/\/todoapulmon-rafaela.com\/index.php\/wp-json\/wp\/v2\/categories?post=14060"},{"taxonomy":"post_tag","embeddable":true,"href":"https:\/\/todoapulmon-rafaela.com\/index.php\/wp-json\/wp\/v2\/tags?post=14060"}],"curies":[{"name":"wp","href":"https:\/\/api.w.org\/{rel}","templated":true}]}}