{"id":14030,"date":"2018-08-17T02:28:04","date_gmt":"2018-08-17T02:28:04","guid":{"rendered":"http:\/\/todoapulmon-rafaela.com\/?p=14030"},"modified":"2018-08-17T02:28:04","modified_gmt":"2018-08-17T02:28:04","slug":"meli-gretter-y-las-gigantes-para-el-sudamericano","status":"publish","type":"post","link":"https:\/\/todoapulmon-rafaela.com\/index.php\/2018\/08\/17\/meli-gretter-y-las-gigantes-para-el-sudamericano\/","title":{"rendered":"Meli Gretter y las Gigantes para el Sudamericano"},"content":{"rendered":"<p>Luego de los amistosos ante Sacred Heart University, el entrenador del seleccionado mayor femenino de Argentina, Cristian Santander, defini\u00f3 la plantilla que ir\u00e1 en b\u00fasqueda de uno de los cuatro boletos que entrega el Sudamericano para la AmeriCup del 2019.<\/p>\n<p>La cita subcontinental se dar\u00e1 en la colombiana ciudad de Tunja, del venidero jueves 30 de agosto, al martes 4 de septiembre.<\/p>\n<p>Las Gigantes, que contar\u00e1n con las principales figuras incluida la rafaelina Melisa Gretter, formar\u00e1n parte en primera fase del grupo \u201cB\u201d, junto con Ecuador, Per\u00fa y Colombia. En el \u201cA\u201d estar\u00e1n Brasil, Venezuela, Paraguay y Chile.<\/p>\n<p>Nuestras chicas debutar\u00e1n ante las ecuatorianas (17:30 hora de nuestro pa\u00eds), el viernes 31 ir\u00e1n ante las peruanas al mismo horario, y cerrar\u00e1n su zona el s\u00e1bado 1, ante las due\u00f1as de casa (21:00). El domingo todos los equipos tendr\u00e1n jornada libre, mientras que el lunes se celebrar\u00e1n las semifinales y el martes la final.<\/p>\n<p>La Selecci\u00f3n entrenar\u00e1 en Buenos Aires hasta el s\u00e1bado 18 inclusive. El domingo tendr\u00e1 d\u00eda libre y el lunes 20 se trasladar\u00e1 a Salta, para hacer una adaptaci\u00f3n a la altura y continuar con los entrenamientos.<\/p>\n<p>El municipio de Tunja se encuentra a 2810 metros sobre el nivel del mar; por lo que esa semana en tierras salte\u00f1as (1152 metros), ayudar\u00e1 a ir aclimatando el cuerpo para lo que seguir\u00e1. La plantilla nacional se quedar\u00e1 all\u00e1 hasta el 27, y al d\u00eda siguiente emprender\u00e1 viaje a Colombia.<\/p>\n<p>La n\u00f3mina que afrontar\u00e1 el torneo es la misma que form\u00f3 parte de la gira de seis encuentros por China. El detalle es el siguiente:<\/p>\n<p>Melisa Gretter (1.60 \/ base \/ 24-1-93 \/ Rafaela, Santa Fe)<br \/>\nJug\u00f3 la liga en Uni\u00f3n Florida. \u00daltima temporada en Brasil junto con el Vera Cruz Campinas (LBF)<br \/>\n18 torneos con Argentina \/ 11 con Las Gigantes \/ 9 podios en total.<\/p>\n<p>Macarena Durso (1.62 \/ base \/ 16-12-91 \/ Buenos Aires)<br \/>\nJug\u00f3 la liga en Berazategui. \u00daltima temporada en Brasil junto con el Presidente Venceslau (LBF)<br \/>\n4 torneos con Argentina \/ 1 con Las Gigantes \/ 3 podios en total.<\/p>\n<p>D\u00e9bora Gonz\u00e1lez (1.65 \/ base \/ 10-1-90 \/ Lomas de Zamora, Buenos Aires)<br \/>\nJug\u00f3 la liga en V\u00e9lez. \u00daltima temporada en Europa junto con el Dike Napoli (A1 italiana)<br \/>\n13 torneos con Argentina \/ 9 con Las Gigantes \/ 6 podios en total.<\/p>\n<p>Macarena Rosset (1.76 \/ escolta \/ 23-2-91 \/ Jun\u00edn, Buenos Aires)<br \/>\nJug\u00f3 la liga en Obras. \u00daltima temporada en Europa junto con el Cadi La Seu (LF1 espa\u00f1ola)<br \/>\n10 torneos con Argentina \/ 8 con Las Gigantes \/ 5 podios en total.<\/p>\n<p>Natacha P\u00e9rez (1.81 \/ alera \/ 30-3-91 \/ Mendoza)<br \/>\nJug\u00f3 la liga en Las Heras.<br \/>\n8 torneos con Argentina \/ 6 con Las Gigantes \/ 6 podios en total.<\/p>\n<p>Andrea Boquete (1.80 \/ alera \/ 24-9-90 \/ Godoy Cruz, Mendoza)<br \/>\nJug\u00f3 la liga en Obras. \u00daltima temporada en Europa junto con el Cadi La Seu (LF1 espa\u00f1ola)<br \/>\n13 torneos con Argentina \/ 9 con Las Gigantes \/ 7 podios en total.<\/p>\n<p>Ornella Santana (1.80 \/ ala-pivot \/ 17-9-90 \/ Buenos Aires)<br \/>\nJug\u00f3 la liga en Berazategui. \u00daltima temporada en Europa junto con el Magec T\u00edas (LF2 espa\u00f1ola)<br \/>\n16 torneos con Argentina \/ 12 con Las Gigantes \/ 8 podios en total.<\/p>\n<p>Victoria Llorente (1.85 \/ ala-pivot \/ 5-6-96 \/ Remedios de Escalada, Buenos AIres)<br \/>\nJug\u00f3 la liga en V\u00e9lez. \u00daltima temporada en Europa junto con el Gernika (LF1 espa\u00f1ola).<br \/>\n14 torneos con Argentina \/ 4 con Las Gigantes \/ 9 podios en total.<\/p>\n<p>Agustina Leiva (1.80 \/ ala-pivot \/ 17-8-96 \/ Mendoza)<br \/>\nJug\u00f3 la liga en Berazategui. \u00daltima temporada en Brasil junto con el Presidente Venceslau (LBF).<br \/>\n3 torneos con Argentina \/ A\u00fan no debut\u00f3 con Las Gigantes de manera oficial \/ 2 podios en total.<\/p>\n<p>Celia Fiorotto (1.84 \/ ala-pivot \/ 2-6-92 \/ Gualeguaych\u00fa, Entre R\u00edos)<br \/>\nJug\u00f3 la liga en Berazategui.<br \/>\n9 torneos con Argentina \/ 6 con Las Gigantes \/ 4 podios en total.<\/p>\n<p>Agostina Burani (1.85 \/ pivot \/ 4-10-91 \/ Lan\u00fas, Buenos Aires)<br \/>\nJug\u00f3 la liga en Uni\u00f3n Florida. \u00daltima temporada en Europa junto con el Alcobendas (LF2 espa\u00f1ola).<br \/>\n17 torneos con Argentina \/ 13 con Las Gigantes \/ 9 podios en total.<\/p>\n<p>Mara Marchizotti (1.93 \/ pivot \/ 16-6-94 \/ Buenos Aires)<br \/>\nJug\u00f3 la liga en Rocamora. \u00daltima temporada en Canad\u00e1 junto con la Bishops University (CIS).<br \/>\n3 torneos con Argentina \/ 1 con Las Gigantes \/ 1 podio en total.<\/p>\n<p>(Fuente: prensa CABB).<\/p>\n","protected":false},"excerpt":{"rendered":"<p>Luego de los amistosos ante Sacred Heart University, el entrenador del seleccionado mayor femenino de Argentina, Cristian Santander, defini\u00f3 la<\/p>\n","protected":false},"author":2,"featured_media":14031,"comment_status":"open","ping_status":"open","sticky":false,"template":"","format":"standard","meta":{"footnotes":""},"categories":[5,24],"tags":[],"class_list":["post-14030","post","type-post","status-publish","format-standard","has-post-thumbnail","hentry","category-basquet","category-noticias-destacadas"],"cc_featured_image_caption":{"caption_text":"El eqiupo de Las Gigantes que disputar\u00e1 el Sudamericano en Colombia (foto prensa CABB).","source_text":"","source_url":""},"_links":{"self":[{"href":"https:\/\/todoapulmon-rafaela.com\/index.php\/wp-json\/wp\/v2\/posts\/14030"}],"collection":[{"href":"https:\/\/todoapulmon-rafaela.com\/index.php\/wp-json\/wp\/v2\/posts"}],"about":[{"href":"https:\/\/todoapulmon-rafaela.com\/index.php\/wp-json\/wp\/v2\/types\/post"}],"author":[{"embeddable":true,"href":"https:\/\/todoapulmon-rafaela.com\/index.php\/wp-json\/wp\/v2\/users\/2"}],"replies":[{"embeddable":true,"href":"https:\/\/todoapulmon-rafaela.com\/index.php\/wp-json\/wp\/v2\/comments?post=14030"}],"version-history":[{"count":1,"href":"https:\/\/todoapulmon-rafaela.com\/index.php\/wp-json\/wp\/v2\/posts\/14030\/revisions"}],"predecessor-version":[{"id":14032,"href":"https:\/\/todoapulmon-rafaela.com\/index.php\/wp-json\/wp\/v2\/posts\/14030\/revisions\/14032"}],"wp:featuredmedia":[{"embeddable":true,"href":"https:\/\/todoapulmon-rafaela.com\/index.php\/wp-json\/wp\/v2\/media\/14031"}],"wp:attachment":[{"href":"https:\/\/todoapulmon-rafaela.com\/index.php\/wp-json\/wp\/v2\/media?parent=14030"}],"wp:term":[{"taxonomy":"category","embeddable":true,"href":"https:\/\/todoapulmon-rafaela.com\/index.php\/wp-json\/wp\/v2\/categories?post=14030"},{"taxonomy":"post_tag","embeddable":true,"href":"https:\/\/todoapulmon-rafaela.com\/index.php\/wp-json\/wp\/v2\/tags?post=14030"}],"curies":[{"name":"wp","href":"https:\/\/api.w.org\/{rel}","templated":true}]}}