{"id":14027,"date":"2018-08-16T21:25:31","date_gmt":"2018-08-16T21:25:31","guid":{"rendered":"http:\/\/todoapulmon-rafaela.com\/?p=14027"},"modified":"2018-08-16T21:25:31","modified_gmt":"2018-08-16T21:25:31","slug":"un-destacado-septimo-puesto-de-yoel-vargas-en-el-mundial","status":"publish","type":"post","link":"https:\/\/todoapulmon-rafaela.com\/index.php\/2018\/08\/16\/un-destacado-septimo-puesto-de-yoel-vargas-en-el-mundial\/","title":{"rendered":"Un destacado s\u00e9ptimo puesto de Yoel Vargas en el Mundial"},"content":{"rendered":"<p>Yoel Vargas fue protagonista del campeonato Mundial Junior de ciclismo en Aigle, Suiza. En el moderno vel\u00f3dromo del Centro de Entrenamiento de la UCI, el pedalista rafaelino tuvo una meritoria performance al clasificar en primera instancia para la final del scratch, y luego quedar en la s\u00e9ptima posici\u00f3n de la citada especialidad en la prueba definitoria, cumplimentada este jueves.<br \/>\nEl ganador de la medalla de oro fue el coreano Park Jooyoung, la plata qued\u00f3 para el polaco Filip Prokopyszyn y el bronce se lo llev\u00f3 el franc\u00e9s Samuel Thibaud. M\u00e1s atr\u00e1s quedaron: cuarto el canadiense Riley Pickrell, quinto el alem\u00e1n Max Ghermann, sexto el belga Tuur Deens, s\u00e9ptimo Yoel Vargas, octavo el checo Petr Kelemen, noveno el brit\u00e1nico Charley Calvert y d\u00e9cimo el griego Panagiotis Karatsivis.<br \/>\n\u00abEsper\u00e9 muy ansioso mi primer mundial, sab\u00eda que iba a ser un scratch muy dif\u00edcil. Con Dani (Capella) y Walter (P\u00e9rez) sab\u00edamos que iba a estar duro clasificar y llegar a la final. Pero me dijeron que est\u00e9 muy atento y que corra como yo s\u00e9\u00bb, se\u00f1al\u00f3 en referencia a lo dialogado previamente con los entrenadores del equipo argentino.<br \/>\nLuego agreg\u00f3, en cuanto al desarrollo de las pruebas, que \u00abla clasificatoria fue dif\u00edcil, igual que la final, sobre todo esta \u00faltima. Es un nivel muy alto el del Mundial, el promedio fue de 52 kil\u00f3metros que mantuvimos toda la carrera. Era muy esperado estar entre los diez primeros del mundo y por eso qued\u00e9 muy conforme con el s\u00e9ptimo puesto, teniendo en cuenta que el a\u00f1o que viene puede estar la posibilidad de volver a correr un Mundial\u00bb, concluy\u00f3 el representante del Club Ciclista de Rafaela.<\/p>\n","protected":false},"excerpt":{"rendered":"<p>Yoel Vargas fue protagonista del campeonato Mundial Junior de ciclismo en Aigle, Suiza. En el moderno vel\u00f3dromo del Centro de<\/p>\n","protected":false},"author":2,"featured_media":14028,"comment_status":"open","ping_status":"open","sticky":false,"template":"","format":"standard","meta":{"footnotes":""},"categories":[4,24],"tags":[],"class_list":["post-14027","post","type-post","status-publish","format-standard","has-post-thumbnail","hentry","category-ciclismo","category-noticias-destacadas"],"cc_featured_image_caption":{"caption_text":"","source_text":"","source_url":""},"_links":{"self":[{"href":"https:\/\/todoapulmon-rafaela.com\/index.php\/wp-json\/wp\/v2\/posts\/14027"}],"collection":[{"href":"https:\/\/todoapulmon-rafaela.com\/index.php\/wp-json\/wp\/v2\/posts"}],"about":[{"href":"https:\/\/todoapulmon-rafaela.com\/index.php\/wp-json\/wp\/v2\/types\/post"}],"author":[{"embeddable":true,"href":"https:\/\/todoapulmon-rafaela.com\/index.php\/wp-json\/wp\/v2\/users\/2"}],"replies":[{"embeddable":true,"href":"https:\/\/todoapulmon-rafaela.com\/index.php\/wp-json\/wp\/v2\/comments?post=14027"}],"version-history":[{"count":1,"href":"https:\/\/todoapulmon-rafaela.com\/index.php\/wp-json\/wp\/v2\/posts\/14027\/revisions"}],"predecessor-version":[{"id":14029,"href":"https:\/\/todoapulmon-rafaela.com\/index.php\/wp-json\/wp\/v2\/posts\/14027\/revisions\/14029"}],"wp:featuredmedia":[{"embeddable":true,"href":"https:\/\/todoapulmon-rafaela.com\/index.php\/wp-json\/wp\/v2\/media\/14028"}],"wp:attachment":[{"href":"https:\/\/todoapulmon-rafaela.com\/index.php\/wp-json\/wp\/v2\/media?parent=14027"}],"wp:term":[{"taxonomy":"category","embeddable":true,"href":"https:\/\/todoapulmon-rafaela.com\/index.php\/wp-json\/wp\/v2\/categories?post=14027"},{"taxonomy":"post_tag","embeddable":true,"href":"https:\/\/todoapulmon-rafaela.com\/index.php\/wp-json\/wp\/v2\/tags?post=14027"}],"curies":[{"name":"wp","href":"https:\/\/api.w.org\/{rel}","templated":true}]}}