{"id":13924,"date":"2018-08-09T12:51:01","date_gmt":"2018-08-09T12:51:01","guid":{"rendered":"http:\/\/todoapulmon-rafaela.com\/?p=13924"},"modified":"2018-08-09T12:51:01","modified_gmt":"2018-08-09T12:51:01","slug":"un-cambio-de-fechas-y-sede-del-sudamericano-perjudico-a-atletas-del-cras","status":"publish","type":"post","link":"https:\/\/todoapulmon-rafaela.com\/index.php\/2018\/08\/09\/un-cambio-de-fechas-y-sede-del-sudamericano-perjudico-a-atletas-del-cras\/","title":{"rendered":"Un cambio de fechas y sede del Sudamericano perjudic\u00f3 a atletas del CRAS"},"content":{"rendered":"<p>La octava edici\u00f3n del Campeonato Sudamericano u23 -programada originalmente para fines de octubre de este a\u00f1o en C\u00f3rdoba (Argentina)- se adelant\u00f3 para el 29 y 30 de septiembre, de acuerdo a lo informado oficialmente por Consudatle. Y la sede ser\u00e1 el estadio Jefferson P\u00e9rez en Cuenca (Ecuador), que tambi\u00e9n recibiera -hace pocas semanas- el Sudamericano u18.<\/p>\n<p>Como consecuencia de estos cambios de calendario, el Campeonato Nacional en La Plata se traslada al 27 y 28 de octubre.<\/p>\n<p>Estas modificaciones han repercutido negativamente en las aspiraciones de atletas del CRAS que ten\u00edan expectativas de poder estar en el citado torneo internacional.<\/p>\n<p>\u00abNos complic\u00f3 para mal, se redujo el cupo a 20 atletas, no tenemos torneos para ser evaluados. Las marcas referenciales son obsoletas, porque eran para competir en Argentina y ahora se va a competir en Ecuador. Igualmente hacer la marca no obliga a la CADA a llevarte, son solamente referenciales, no m\u00ednimas\u00bb, expres\u00f3 Ariel Magallanes. El entrenador, junto con Sof\u00eda Kloster, estaba planificando participar del Nacional de Brasil buscando lograr el tiempo habilitante en los 20 kil\u00f3metros de marcha.<\/p>\n<p>\u00abDefinitivamente, no hay chances ni con Celina Harte, ni con Jonatan Acevedo ni con Sof\u00eda Kloster. Asi que vamos a buscar competencias por otro lado para asistir, pero desistimos del Sudamericano porque es imposible en este momento. Lamentablemente, en ning\u00fan lado pusieron 20 km. (en marcha) para ser evaluados, que se puede recriminar, pero tambi\u00e9n nos demuestra que las marcas es m\u00e1s factible buscarlas en el exterior\u00bb,\u00a0 concluy\u00f3 Magallanes, que ya empieza a planificar con estos atletas el pr\u00f3ximo semestre.<\/p>\n","protected":false},"excerpt":{"rendered":"<p>La octava edici\u00f3n del Campeonato Sudamericano u23 -programada originalmente para fines de octubre de este a\u00f1o en C\u00f3rdoba (Argentina)- se<\/p>\n","protected":false},"author":2,"featured_media":13925,"comment_status":"open","ping_status":"open","sticky":false,"template":"","format":"standard","meta":{"footnotes":""},"categories":[7,24],"tags":[],"class_list":["post-13924","post","type-post","status-publish","format-standard","has-post-thumbnail","hentry","category-atletismo","category-noticias-destacadas"],"cc_featured_image_caption":{"caption_text":"Mar\u00eda del Rosario Majda, Jonatan Acevedo y Sof\u00eda Kloster, marchistas del CRAS.","source_text":"","source_url":""},"_links":{"self":[{"href":"https:\/\/todoapulmon-rafaela.com\/index.php\/wp-json\/wp\/v2\/posts\/13924"}],"collection":[{"href":"https:\/\/todoapulmon-rafaela.com\/index.php\/wp-json\/wp\/v2\/posts"}],"about":[{"href":"https:\/\/todoapulmon-rafaela.com\/index.php\/wp-json\/wp\/v2\/types\/post"}],"author":[{"embeddable":true,"href":"https:\/\/todoapulmon-rafaela.com\/index.php\/wp-json\/wp\/v2\/users\/2"}],"replies":[{"embeddable":true,"href":"https:\/\/todoapulmon-rafaela.com\/index.php\/wp-json\/wp\/v2\/comments?post=13924"}],"version-history":[{"count":1,"href":"https:\/\/todoapulmon-rafaela.com\/index.php\/wp-json\/wp\/v2\/posts\/13924\/revisions"}],"predecessor-version":[{"id":13926,"href":"https:\/\/todoapulmon-rafaela.com\/index.php\/wp-json\/wp\/v2\/posts\/13924\/revisions\/13926"}],"wp:featuredmedia":[{"embeddable":true,"href":"https:\/\/todoapulmon-rafaela.com\/index.php\/wp-json\/wp\/v2\/media\/13925"}],"wp:attachment":[{"href":"https:\/\/todoapulmon-rafaela.com\/index.php\/wp-json\/wp\/v2\/media?parent=13924"}],"wp:term":[{"taxonomy":"category","embeddable":true,"href":"https:\/\/todoapulmon-rafaela.com\/index.php\/wp-json\/wp\/v2\/categories?post=13924"},{"taxonomy":"post_tag","embeddable":true,"href":"https:\/\/todoapulmon-rafaela.com\/index.php\/wp-json\/wp\/v2\/tags?post=13924"}],"curies":[{"name":"wp","href":"https:\/\/api.w.org\/{rel}","templated":true}]}}