{"id":13887,"date":"2018-08-07T16:51:20","date_gmt":"2018-08-07T16:51:20","guid":{"rendered":"http:\/\/todoapulmon-rafaela.com\/?p=13887"},"modified":"2018-08-07T16:51:20","modified_gmt":"2018-08-07T16:51:20","slug":"el-domingo-se-realiza-la-previa-de-los-21k","status":"publish","type":"post","link":"https:\/\/todoapulmon-rafaela.com\/index.php\/2018\/08\/07\/el-domingo-se-realiza-la-previa-de-los-21k\/","title":{"rendered":"El domingo se realiza \u00abLa Previa de los 21k\u00bb"},"content":{"rendered":"<p>Con una prueba recreativa de 4 y 8 kil\u00f3metros, este domingo 12 de agosto se llevar\u00e1 a cabo \u201cLa Previa de los 21K\u201d organizada por la Municipalidad de Rafaela como antesala de lo que ser\u00e1 la jornada del 2 de septiembre, cuando se desarrolle la tradicional media marat\u00f3n de nuestra ciudad.<\/p>\n<p>La actividad dar\u00e1 comienzo a las 9:30 en Plazoleta Sargento Cabral y tendr\u00e1 desarrollo por la Ciclov\u00eda de Estanislao del Campo. El itinerario de los 4 K comprende: Plazoleta Sargento Cabral, Estanislao del Campo, Ruta 34 y nuevamente la Plazoleta Sargento Cabral.<\/p>\n<p>Los 8 K comenzar\u00e1n por la Plazoleta Sargento Cabral, seguir\u00e1n por la ciclov\u00eda de Estanislao del Campo, Ruta 34, Vieytes, Club Ciclista, Hip\u00f3lito Yrigoyen y culminar\u00e1 en la Plazoleta Sargento Cabral.<\/p>\n<p>Habr\u00e1 entrada en calor y puestos de hidrataci\u00f3n. Cabe destacar que los participantes deber\u00e1n llevar cacao, az\u00facar, masitas o leche larga vida ya que lo recaudado ser\u00e1 destinado a las diferentes copas de leche de nuestra ciudad.<\/p>\n","protected":false},"excerpt":{"rendered":"<p>Con una prueba recreativa de 4 y 8 kil\u00f3metros, este domingo 12 de agosto se llevar\u00e1 a cabo \u201cLa Previa<\/p>\n","protected":false},"author":2,"featured_media":13888,"comment_status":"open","ping_status":"open","sticky":false,"template":"","format":"standard","meta":{"footnotes":""},"categories":[7,24],"tags":[],"class_list":["post-13887","post","type-post","status-publish","format-standard","has-post-thumbnail","hentry","category-atletismo","category-noticias-destacadas"],"cc_featured_image_caption":{"caption_text":"La actividad dar\u00e1 comienzo a las 9:30 en Plazoleta Sargento Cabral.","source_text":"","source_url":""},"_links":{"self":[{"href":"https:\/\/todoapulmon-rafaela.com\/index.php\/wp-json\/wp\/v2\/posts\/13887"}],"collection":[{"href":"https:\/\/todoapulmon-rafaela.com\/index.php\/wp-json\/wp\/v2\/posts"}],"about":[{"href":"https:\/\/todoapulmon-rafaela.com\/index.php\/wp-json\/wp\/v2\/types\/post"}],"author":[{"embeddable":true,"href":"https:\/\/todoapulmon-rafaela.com\/index.php\/wp-json\/wp\/v2\/users\/2"}],"replies":[{"embeddable":true,"href":"https:\/\/todoapulmon-rafaela.com\/index.php\/wp-json\/wp\/v2\/comments?post=13887"}],"version-history":[{"count":1,"href":"https:\/\/todoapulmon-rafaela.com\/index.php\/wp-json\/wp\/v2\/posts\/13887\/revisions"}],"predecessor-version":[{"id":13889,"href":"https:\/\/todoapulmon-rafaela.com\/index.php\/wp-json\/wp\/v2\/posts\/13887\/revisions\/13889"}],"wp:featuredmedia":[{"embeddable":true,"href":"https:\/\/todoapulmon-rafaela.com\/index.php\/wp-json\/wp\/v2\/media\/13888"}],"wp:attachment":[{"href":"https:\/\/todoapulmon-rafaela.com\/index.php\/wp-json\/wp\/v2\/media?parent=13887"}],"wp:term":[{"taxonomy":"category","embeddable":true,"href":"https:\/\/todoapulmon-rafaela.com\/index.php\/wp-json\/wp\/v2\/categories?post=13887"},{"taxonomy":"post_tag","embeddable":true,"href":"https:\/\/todoapulmon-rafaela.com\/index.php\/wp-json\/wp\/v2\/tags?post=13887"}],"curies":[{"name":"wp","href":"https:\/\/api.w.org\/{rel}","templated":true}]}}