{"id":13828,"date":"2018-08-03T17:34:37","date_gmt":"2018-08-03T17:34:37","guid":{"rendered":"http:\/\/todoapulmon-rafaela.com\/?p=13828"},"modified":"2018-08-03T17:34:37","modified_gmt":"2018-08-03T17:34:37","slug":"numeroso-grupo-de-atletas-locales-clasifico-a-las-finales-provinciales","status":"publish","type":"post","link":"https:\/\/todoapulmon-rafaela.com\/index.php\/2018\/08\/03\/numeroso-grupo-de-atletas-locales-clasifico-a-las-finales-provinciales\/","title":{"rendered":"Numeroso grupo de atletas locales clasific\u00f3 a las finales Provinciales"},"content":{"rendered":"<p>En la localidad de San Guillermo se llev\u00f3 a cabo el pasado mi\u00e9rcoles la instancia de finales Regionales Santa Fe Juega de atletismo de la categor\u00eda Sub 14, en la cual tuvieron destacada labor los chicos del Nodo Rafaela y de nuestra ciudad, en particular, con una nutrida delegaci\u00f3n a cargo del profesor Leandro Bonamino.<\/p>\n<p>Del\u00a0CRAS lograron clasificaciones al Provincial de Rosario (de donde surgir\u00e1n los clasificados a los Juegos Evita de Mar del Plata) previsto para los d\u00edas 22 y 23 de agosto, los siguientes atletas:<\/p>\n<div dir=\"auto\">\u00a0&#8211; Carolina Su\u00e1rez (de Tacural) 800 y 2000m llanos. Subcampeona Regional en ambas pruebas.<\/div>\n<div dir=\"auto\">&#8211; Naiara Vega. Campeona Regional en Disco y Bala.<\/div>\n<div dir=\"auto\">&#8211; Valentina Garc\u00eda. (Categor\u00eda 2006, Campeona Regional en 80m llanos y Subcampeona en 150m llanos.)<\/div>\n<div dir=\"auto\">&#8211; Lucia Bl\u00e1zquez. (Campeona Regional de Pentatlon-Pruebas Combinadas).<\/div>\n<div dir=\"auto\">&#8211; Abril Okon. (Campeona Regional en 80m c\/vallas y Subcampeona en Salto en Alto).<\/div>\n<div dir=\"auto\">&#8211; Angelina Zanatta. (Campeona Regional en 3000m Marcha).<\/div>\n<div dir=\"auto\">&#8211; Valentina Gasparotti. (Subcampeona Regional en 3000m Marcha).<\/div>\n<div dir=\"auto\">&#8211; Mateo Mendez. (Campe\u00f3n Regional en Disco y Martillo).<\/div>\n<div dir=\"auto\">Los atletas mencionados entrenan con Leandro Bonamino.<\/div>\n<div dir=\"auto\"><\/div>\n<div dir=\"auto\">&#8211; Federica Bogado. (Campeona Regional en Lanzamiento de Martillo, y Subcampeona en Salto en Largo).<\/div>\n<div dir=\"auto\">&#8211; Facundo Ballari. (Campe\u00f3n Regional en 80m c\/vallas).<\/div>\n<div dir=\"auto\">Estos dos chicos son entrenados por Ariel Magallanes.<\/div>\n<div dir=\"auto\">Asimismo, en la posta femenina 5&#215;80 participaron del CRAS Abril Okon, Federica Bogado y Valentina Garc\u00eda y de igual modo salieron campeonas Regionales, al igual que Mateo Mendez y Facundo Ballari que integraron la posta 5 x 80 masculina.<\/div>\n<div dir=\"auto\">Del CEF 53 consigui\u00f3 clasificarse Matilde Lovera en 80 metros con vallas (subcampeona) y en el Provincial tambi\u00e9n ser\u00e1 parte de los 80 metros llanos.<\/div>\n<div dir=\"auto\">Asimismo, Tom\u00e1s Mondino (Escuela T\u00e9cnica) fue campe\u00f3n regional en 80 metros (muy buenos 9s5, con cronometaje manual), en los 150 metros llanos (prueba donde debutaba) y como integrante en la posta 5 x 80.<\/div>\n<div dir=\"auto\">En tanto, de la localidad de Lehmann logr\u00f3 clasificarse Benjam\u00edn Castillo con apenas 12 a\u00f1os. Lo consigui\u00f3 en la distancia de 2.000 metros, representando a la Escuela Primaria N\u00ba 374, obteniendo el subcampeonato.<\/div>\n<div dir=\"auto\">Este numeroso contingente se suma al de los chicos sub 17 que con anterioridad hab\u00eda clasificado a las finales.<\/div>\n<div dir=\"auto\">\n<figure id=\"attachment_13831\" aria-describedby=\"caption-attachment-13831\" style=\"width: 300px\" class=\"wp-caption alignnone\"><img loading=\"lazy\" decoding=\"async\" class=\"size-medium wp-image-13831\" src=\"http:\/\/todoapulmon-rafaela.com\/wp-content\/uploads\/2018\/08\/IMG_20180803_134222_465-300x225.jpg\" alt=\"Benjam\u00edn Castillo, de Lehmann, clasificado en 2000 metros.\" width=\"300\" height=\"225\" srcset=\"https:\/\/todoapulmon-rafaela.com\/wp-content\/uploads\/2018\/08\/IMG_20180803_134222_465-300x225.jpg 300w, https:\/\/todoapulmon-rafaela.com\/wp-content\/uploads\/2018\/08\/IMG_20180803_134222_465.jpg 750w\" sizes=\"(max-width: 300px) 100vw, 300px\" \/><figcaption id=\"caption-attachment-13831\" class=\"wp-caption-text\">Benjam\u00edn Castillo, de Lehmann, clasificado en 2000 metros.<\/figcaption><\/figure>\n<\/div>\n","protected":false},"excerpt":{"rendered":"<p>En la localidad de San Guillermo se llev\u00f3 a cabo el pasado mi\u00e9rcoles la instancia de finales Regionales Santa Fe<\/p>\n","protected":false},"author":2,"featured_media":13830,"comment_status":"open","ping_status":"open","sticky":false,"template":"","format":"standard","meta":{"footnotes":""},"categories":[7,24],"tags":[],"class_list":["post-13828","post","type-post","status-publish","format-standard","has-post-thumbnail","hentry","category-atletismo","category-noticias-destacadas"],"cc_featured_image_caption":{"caption_text":"El grupo de atletas locales que particip\u00f3 en San Guillermo de las finales regionales.","source_text":"","source_url":""},"_links":{"self":[{"href":"https:\/\/todoapulmon-rafaela.com\/index.php\/wp-json\/wp\/v2\/posts\/13828"}],"collection":[{"href":"https:\/\/todoapulmon-rafaela.com\/index.php\/wp-json\/wp\/v2\/posts"}],"about":[{"href":"https:\/\/todoapulmon-rafaela.com\/index.php\/wp-json\/wp\/v2\/types\/post"}],"author":[{"embeddable":true,"href":"https:\/\/todoapulmon-rafaela.com\/index.php\/wp-json\/wp\/v2\/users\/2"}],"replies":[{"embeddable":true,"href":"https:\/\/todoapulmon-rafaela.com\/index.php\/wp-json\/wp\/v2\/comments?post=13828"}],"version-history":[{"count":1,"href":"https:\/\/todoapulmon-rafaela.com\/index.php\/wp-json\/wp\/v2\/posts\/13828\/revisions"}],"predecessor-version":[{"id":13832,"href":"https:\/\/todoapulmon-rafaela.com\/index.php\/wp-json\/wp\/v2\/posts\/13828\/revisions\/13832"}],"wp:featuredmedia":[{"embeddable":true,"href":"https:\/\/todoapulmon-rafaela.com\/index.php\/wp-json\/wp\/v2\/media\/13830"}],"wp:attachment":[{"href":"https:\/\/todoapulmon-rafaela.com\/index.php\/wp-json\/wp\/v2\/media?parent=13828"}],"wp:term":[{"taxonomy":"category","embeddable":true,"href":"https:\/\/todoapulmon-rafaela.com\/index.php\/wp-json\/wp\/v2\/categories?post=13828"},{"taxonomy":"post_tag","embeddable":true,"href":"https:\/\/todoapulmon-rafaela.com\/index.php\/wp-json\/wp\/v2\/tags?post=13828"}],"curies":[{"name":"wp","href":"https:\/\/api.w.org\/{rel}","templated":true}]}}