{"id":13775,"date":"2018-07-31T02:10:43","date_gmt":"2018-07-31T02:10:43","guid":{"rendered":"http:\/\/todoapulmon-rafaela.com\/?p=13775"},"modified":"2018-07-31T02:10:43","modified_gmt":"2018-07-31T02:10:43","slug":"gran-actuacion-del-handball-del-cef-53-en-el-tio","status":"publish","type":"post","link":"https:\/\/todoapulmon-rafaela.com\/index.php\/2018\/07\/31\/gran-actuacion-del-handball-del-cef-53-en-el-tio\/","title":{"rendered":"Gran actuaci\u00f3n del handball del CEF 53 en El T\u00edo"},"content":{"rendered":"<p>El d\u00eda domingo 29 de julio se desarroll\u00f3 en El T\u00edo, C\u00f3rdoba, un Encuentro de Handball de primera divisi\u00f3n en el que particip\u00f3 el representativo del Centro de Educaci\u00f3n F\u00edsica N\u00ba 53 de Rafaela. Tambi\u00e9n estuvo el equipo local, Polideportivo de Arroyito y Santa Rosa de R\u00edo Primero, en todos los casos con elencos masculinos y femeninos.<\/p>\n<p>El equipo de varones obtuvo el campeonato, mientras que el femenino fue subcampe\u00f3n.<\/p>\n<p>INFANTILES EN NUESTRA CIUDAD.<\/p>\n<p>Tambi\u00e9n en la jornada del domingo se llev\u00f3 a cabo un Encuentro de Infantiles en las instalaciones del CEF 53. Los m\u00e1s peque\u00f1os se midieron ante el representativo de San Francisco.<\/p>\n<p><img loading=\"lazy\" decoding=\"async\" class=\"alignnone size-medium wp-image-13777\" src=\"http:\/\/todoapulmon-rafaela.com\/wp-content\/uploads\/2018\/07\/IMG-20180730-WA0014-300x225.jpg\" alt=\"IMG-20180730-WA0014\" width=\"300\" height=\"225\" srcset=\"https:\/\/todoapulmon-rafaela.com\/wp-content\/uploads\/2018\/07\/IMG-20180730-WA0014-300x225.jpg 300w, https:\/\/todoapulmon-rafaela.com\/wp-content\/uploads\/2018\/07\/IMG-20180730-WA0014-768x576.jpg 768w, https:\/\/todoapulmon-rafaela.com\/wp-content\/uploads\/2018\/07\/IMG-20180730-WA0014-1024x768.jpg 1024w, https:\/\/todoapulmon-rafaela.com\/wp-content\/uploads\/2018\/07\/IMG-20180730-WA0014.jpg 1032w\" sizes=\"(max-width: 300px) 100vw, 300px\" \/><img loading=\"lazy\" decoding=\"async\" class=\"alignnone size-medium wp-image-13778\" src=\"http:\/\/todoapulmon-rafaela.com\/wp-content\/uploads\/2018\/07\/IMG-20180730-WA0012-300x247.jpg\" alt=\"IMG-20180730-WA0012\" width=\"300\" height=\"247\" srcset=\"https:\/\/todoapulmon-rafaela.com\/wp-content\/uploads\/2018\/07\/IMG-20180730-WA0012-300x247.jpg 300w, https:\/\/todoapulmon-rafaela.com\/wp-content\/uploads\/2018\/07\/IMG-20180730-WA0012.jpg 688w\" sizes=\"(max-width: 300px) 100vw, 300px\" \/><\/p>\n","protected":false},"excerpt":{"rendered":"<p>El d\u00eda domingo 29 de julio se desarroll\u00f3 en El T\u00edo, C\u00f3rdoba, un Encuentro de Handball de primera divisi\u00f3n en<\/p>\n","protected":false},"author":2,"featured_media":13776,"comment_status":"open","ping_status":"open","sticky":false,"template":"","format":"standard","meta":{"footnotes":""},"categories":[24],"tags":[],"class_list":["post-13775","post","type-post","status-publish","format-standard","has-post-thumbnail","hentry","category-noticias-destacadas"],"cc_featured_image_caption":{"caption_text":"","source_text":"","source_url":""},"_links":{"self":[{"href":"https:\/\/todoapulmon-rafaela.com\/index.php\/wp-json\/wp\/v2\/posts\/13775"}],"collection":[{"href":"https:\/\/todoapulmon-rafaela.com\/index.php\/wp-json\/wp\/v2\/posts"}],"about":[{"href":"https:\/\/todoapulmon-rafaela.com\/index.php\/wp-json\/wp\/v2\/types\/post"}],"author":[{"embeddable":true,"href":"https:\/\/todoapulmon-rafaela.com\/index.php\/wp-json\/wp\/v2\/users\/2"}],"replies":[{"embeddable":true,"href":"https:\/\/todoapulmon-rafaela.com\/index.php\/wp-json\/wp\/v2\/comments?post=13775"}],"version-history":[{"count":1,"href":"https:\/\/todoapulmon-rafaela.com\/index.php\/wp-json\/wp\/v2\/posts\/13775\/revisions"}],"predecessor-version":[{"id":13779,"href":"https:\/\/todoapulmon-rafaela.com\/index.php\/wp-json\/wp\/v2\/posts\/13775\/revisions\/13779"}],"wp:featuredmedia":[{"embeddable":true,"href":"https:\/\/todoapulmon-rafaela.com\/index.php\/wp-json\/wp\/v2\/media\/13776"}],"wp:attachment":[{"href":"https:\/\/todoapulmon-rafaela.com\/index.php\/wp-json\/wp\/v2\/media?parent=13775"}],"wp:term":[{"taxonomy":"category","embeddable":true,"href":"https:\/\/todoapulmon-rafaela.com\/index.php\/wp-json\/wp\/v2\/categories?post=13775"},{"taxonomy":"post_tag","embeddable":true,"href":"https:\/\/todoapulmon-rafaela.com\/index.php\/wp-json\/wp\/v2\/tags?post=13775"}],"curies":[{"name":"wp","href":"https:\/\/api.w.org\/{rel}","templated":true}]}}