{"id":13704,"date":"2018-07-26T12:25:02","date_gmt":"2018-07-26T12:25:02","guid":{"rendered":"http:\/\/todoapulmon-rafaela.com\/?p=13704"},"modified":"2018-07-26T12:25:02","modified_gmt":"2018-07-26T12:25:02","slug":"el-provincial-u19-se-juega-en-rosario","status":"publish","type":"post","link":"https:\/\/todoapulmon-rafaela.com\/index.php\/2018\/07\/26\/el-provincial-u19-se-juega-en-rosario\/","title":{"rendered":"El Provincial U19 se juega en Rosario"},"content":{"rendered":"<p>Este fin de semana se disputar\u00e1 el torneo Provincial de la categor\u00eda juveniles, U19, en Rosario. El seleccionado de la Asociaci\u00f3n Rafaelina ser\u00e1 dirigido por Mario Bircher, con Pablo Madera como asistente y Mariano Alassia como preparador f\u00edsico, habiendo realizado los \u00faltimos ajustes esta semana en el Club Argentino Quilmes.<\/p>\n<p>El plantel (restaba determinar el \u00faltimo corte) se conform\u00f3 con\u00a0Gabriel Peterl\u00edn, Patricio Andereggen, Manuel Depetrini, Francisco Armando, Agust\u00edn Leonardi, Mart\u00edn Caponni (Quilmes), Lucas Corrado, Bruno Fagnola (Independiente), Valent\u00edn V\u00e1zquez (Atl\u00e9tico Rafaela), Nicol\u00e1s Zurvera, Franco Periotti (Uni\u00f3n), Pablo Ioo (Rep\u00fablica del Oeste de Santa Fe) y Lucas Ambort (Ben Hur). Libertad de Sunchales decidi\u00f3 darle descanso a sus jugadores, motivo por el cual (como en el Provincial de Mayores) no habr\u00e1 integrantes de dicho club en este torneo.<\/p>\n<p>Las Zonas se integrar\u00e1n de esta manera:<\/p>\n<p><strong>Zona A:<\/strong>\u00a0Santafesina, Rosarina, Venadense, Reconquistense.<\/p>\n<p><strong>Zona B:<\/strong>\u00a0Rafaelina, Noroeste, Ca\u00f1adense, Oeste Santafesino.<\/p>\n<p>La jornada inicial tendr\u00e1 estos encuentros:<\/p>\n<p><strong>Viernes\u00a0zona A en Atalaya<\/strong><\/p>\n<p>P1 Santafesina vs. Reconquista.<\/p>\n<p>P2\u00a0Rosarina vs. Venadense.<\/p>\n<p><strong>Viernes zona B<\/strong><\/p>\n<p>P1\u00a0Ca\u00f1adense vs Noroeste .<\/p>\n<p>P2\u00a0Rafaelina vs. Oeste Santafesino.<\/p>\n<p>&nbsp;<\/p>\n","protected":false},"excerpt":{"rendered":"<p>Este fin de semana se disputar\u00e1 el torneo Provincial de la categor\u00eda juveniles, U19, en Rosario. El seleccionado de la<\/p>\n","protected":false},"author":2,"featured_media":13705,"comment_status":"open","ping_status":"open","sticky":false,"template":"","format":"standard","meta":{"footnotes":""},"categories":[5,24],"tags":[],"class_list":["post-13704","post","type-post","status-publish","format-standard","has-post-thumbnail","hentry","category-basquet","category-noticias-destacadas"],"cc_featured_image_caption":{"caption_text":"El entrenador Mario Bircher dando indicaciones en uno de los entrenamientos.","source_text":"","source_url":""},"_links":{"self":[{"href":"https:\/\/todoapulmon-rafaela.com\/index.php\/wp-json\/wp\/v2\/posts\/13704"}],"collection":[{"href":"https:\/\/todoapulmon-rafaela.com\/index.php\/wp-json\/wp\/v2\/posts"}],"about":[{"href":"https:\/\/todoapulmon-rafaela.com\/index.php\/wp-json\/wp\/v2\/types\/post"}],"author":[{"embeddable":true,"href":"https:\/\/todoapulmon-rafaela.com\/index.php\/wp-json\/wp\/v2\/users\/2"}],"replies":[{"embeddable":true,"href":"https:\/\/todoapulmon-rafaela.com\/index.php\/wp-json\/wp\/v2\/comments?post=13704"}],"version-history":[{"count":1,"href":"https:\/\/todoapulmon-rafaela.com\/index.php\/wp-json\/wp\/v2\/posts\/13704\/revisions"}],"predecessor-version":[{"id":13706,"href":"https:\/\/todoapulmon-rafaela.com\/index.php\/wp-json\/wp\/v2\/posts\/13704\/revisions\/13706"}],"wp:featuredmedia":[{"embeddable":true,"href":"https:\/\/todoapulmon-rafaela.com\/index.php\/wp-json\/wp\/v2\/media\/13705"}],"wp:attachment":[{"href":"https:\/\/todoapulmon-rafaela.com\/index.php\/wp-json\/wp\/v2\/media?parent=13704"}],"wp:term":[{"taxonomy":"category","embeddable":true,"href":"https:\/\/todoapulmon-rafaela.com\/index.php\/wp-json\/wp\/v2\/categories?post=13704"},{"taxonomy":"post_tag","embeddable":true,"href":"https:\/\/todoapulmon-rafaela.com\/index.php\/wp-json\/wp\/v2\/tags?post=13704"}],"curies":[{"name":"wp","href":"https:\/\/api.w.org\/{rel}","templated":true}]}}