{"id":13675,"date":"2018-07-24T12:10:48","date_gmt":"2018-07-24T12:10:48","guid":{"rendered":"http:\/\/todoapulmon-rafaela.com\/?p=13675"},"modified":"2018-07-24T12:20:14","modified_gmt":"2018-07-24T12:20:14","slug":"yoel-vargas-en-la-emotiva-ceremonia-del-encendido-de-la-llama-olimpica-en-atenas","status":"publish","type":"post","link":"https:\/\/todoapulmon-rafaela.com\/index.php\/2018\/07\/24\/yoel-vargas-en-la-emotiva-ceremonia-del-encendido-de-la-llama-olimpica-en-atenas\/","title":{"rendered":"Yoel Vargas en la emotiva ceremonia del encendido de la llama ol\u00edmpica en Atenas"},"content":{"rendered":"<p>El mismo sitio que vio el surgimiento de los Juegos Ol\u00edmpicos en la era moderna en 1896 fue escenario en la madrugada argentina del encendido de llama ol\u00edmpica de los Juegos Ol\u00edmpicos de la Juventud Buenos Aires 2018, donde Argentina estuvo representada, como deportistas, por el rafaelino Yoel Vargas y la rionegrina Valentina Mu\u00f1oz, junto al campe\u00f3n ol\u00edmpico y actual entrenador Walter P\u00e9rez. La representaci\u00f3n cicl\u00edstica viaj\u00f3 desde Suiza, donde est\u00e1n alojados en el Centro de Entrenamiento de la Uni\u00f3n Ciclista Internacional.<\/p>\n<p>El epicentro del ritual fue dirigido por una actriz que interpreta el papel de una gran sacerdotisa. Con el uso de un espejo parab\u00f3lico, ella encendi\u00f3 la llama con la pureza de los rayos del sol.<br \/>\nEl viaje de la llama durar\u00e1 dos meses y cubrir\u00e1 14,000 kil\u00f3metros. Durante su gira difundir\u00e1 los valores ol\u00edmpicos de amistad, respeto y excelencia al tiempo que env\u00eda un mensaje sobre el poder transformador del deporte para construir una sociedad mejor.<br \/>\nLa ceremonia fue m\u00e1s corta de lo habitual debido a las muertes causadas por incendios forestales fuera de Atenas. El Comit\u00e9 Organizador de Buenos Aires 2018 expres\u00f3 su solidaridad con las autoridades locales.<br \/>\n\u00abBuenos Aires 2018 ha comenzado hoy con la iluminaci\u00f3n de la llama. Con orgullo lo llevaremos al sur del planeta y desde all\u00ed iluminaremos el mundo con el mensaje inspirador del Olimpismo y sus valores \u00ab, dijo el presidente del Comit\u00e9 Organizador de Buenos Aires 2018, Gerardo Werthein, en un discurso durante la ceremonia.<br \/>\n\u00abEstamos orgullosos de ser parte de los Juegos. Con ellos, el Movimiento Ol\u00edmpico va a alcanzar nuevos horizontes. Tenemos el honor de organizar la primera edici\u00f3n de una competencia ol\u00edmpica con estricta igualdad de g\u00e9nero \u00ab, agreg\u00f3.<br \/>\nTan pronto como la sacerdotisa dio vida al \u00abfuego sagrado\u00bb, la antorcha de Buenos Aires 2018 se encendi\u00f3 por primera vez, iniciando un breve relevo dentro del estadio liderado por dos atletas griegos y dos argentinos, entre ellos Yoel.<br \/>\n\u00abPuede ser que la Patagonia est\u00e9 muy lejos de este hermoso estadio. Pero te aseguro que el resplandor de la llama no conoce las distancias \u00ab, subray\u00f3 Valentina Mu\u00f1oz en un breve discurso.<br \/>\nSu fulgor est\u00e1 en los sue\u00f1os de todos los atletas que est\u00e1n dando nuestro mejor d\u00eda a d\u00eda para triunfar en Buenos Aires 2018. Y tambi\u00e9n es el sue\u00f1o de nuestras familias, que nunca dejan de ayudarnos a ser m\u00e1s r\u00e1pidos, ir m\u00e1s all\u00e1 y fortalecernos \u00ab, agreg\u00f3 la atleta de la provincia patag\u00f3nica de R\u00edo Negro.<br \/>\nEl Comit\u00e9 Organizador de Buenos Aires 2018 tambi\u00e9n estuvo representado en el evento por su director ejecutivo, Leandro Larrosa. El Secretario de Desarrollo Ciudadano de la ciudad de Buenos Aires, Mat\u00edas L\u00f3pez, tambi\u00e9n estuvo presente, adem\u00e1s de funcionarios del Comit\u00e9 Ol\u00edmpico Hel\u00e9nico, encabezado por el presidente Spyros Capralos, y de la Embajada de Argentina en Atenas.<br \/>\nLa delegaci\u00f3n del Comit\u00e9 Ol\u00edmpico Internacional (COI) estuvo encabezada por la atleta ol\u00edmpica y miembro del COI, Danka Bartekova, miembro de la Comisi\u00f3n de Monitoreo 2018 de Buenos Aires.<br \/>\nLa llama ol\u00edmpica juvenil llegar\u00e1 a Buenos Aires el mi\u00e9rcoles 25 de julio y ser\u00e1 recibida en un acto oficial en los pr\u00f3ximos d\u00edas en la Villa Ol\u00edmpica Juvenil.<\/p>\n","protected":false},"excerpt":{"rendered":"<p>El mismo sitio que vio el surgimiento de los Juegos Ol\u00edmpicos en la era moderna en 1896 fue escenario en<\/p>\n","protected":false},"author":2,"featured_media":13676,"comment_status":"open","ping_status":"open","sticky":false,"template":"","format":"standard","meta":{"footnotes":""},"categories":[4,24],"tags":[],"class_list":["post-13675","post","type-post","status-publish","format-standard","has-post-thumbnail","hentry","category-ciclismo","category-noticias-destacadas"],"cc_featured_image_caption":{"caption_text":"Yoel Vargas, Walter P\u00e9rez y Valentina Mu\u00f1oz en el momento que pronuncia su discurso Gerardo Werthein. ","source_text":"","source_url":""},"_links":{"self":[{"href":"https:\/\/todoapulmon-rafaela.com\/index.php\/wp-json\/wp\/v2\/posts\/13675"}],"collection":[{"href":"https:\/\/todoapulmon-rafaela.com\/index.php\/wp-json\/wp\/v2\/posts"}],"about":[{"href":"https:\/\/todoapulmon-rafaela.com\/index.php\/wp-json\/wp\/v2\/types\/post"}],"author":[{"embeddable":true,"href":"https:\/\/todoapulmon-rafaela.com\/index.php\/wp-json\/wp\/v2\/users\/2"}],"replies":[{"embeddable":true,"href":"https:\/\/todoapulmon-rafaela.com\/index.php\/wp-json\/wp\/v2\/comments?post=13675"}],"version-history":[{"count":2,"href":"https:\/\/todoapulmon-rafaela.com\/index.php\/wp-json\/wp\/v2\/posts\/13675\/revisions"}],"predecessor-version":[{"id":13678,"href":"https:\/\/todoapulmon-rafaela.com\/index.php\/wp-json\/wp\/v2\/posts\/13675\/revisions\/13678"}],"wp:featuredmedia":[{"embeddable":true,"href":"https:\/\/todoapulmon-rafaela.com\/index.php\/wp-json\/wp\/v2\/media\/13676"}],"wp:attachment":[{"href":"https:\/\/todoapulmon-rafaela.com\/index.php\/wp-json\/wp\/v2\/media?parent=13675"}],"wp:term":[{"taxonomy":"category","embeddable":true,"href":"https:\/\/todoapulmon-rafaela.com\/index.php\/wp-json\/wp\/v2\/categories?post=13675"},{"taxonomy":"post_tag","embeddable":true,"href":"https:\/\/todoapulmon-rafaela.com\/index.php\/wp-json\/wp\/v2\/tags?post=13675"}],"curies":[{"name":"wp","href":"https:\/\/api.w.org\/{rel}","templated":true}]}}