{"id":13616,"date":"2018-07-20T12:21:07","date_gmt":"2018-07-20T12:21:07","guid":{"rendered":"http:\/\/todoapulmon-rafaela.com\/?p=13616"},"modified":"2018-07-20T12:21:07","modified_gmt":"2018-07-20T12:21:07","slug":"yoel-vargas-estara-en-el-encendido-de-la-llama-olimpica-en-atenas","status":"publish","type":"post","link":"https:\/\/todoapulmon-rafaela.com\/index.php\/2018\/07\/20\/yoel-vargas-estara-en-el-encendido-de-la-llama-olimpica-en-atenas\/","title":{"rendered":"Yoel Vargas estar\u00e1 en el encendido de la llama ol\u00edmpica en Atenas"},"content":{"rendered":"<p>El ciclista rafaelino Yoel Vargas vivir\u00e1 el martes venidero uno de los acontecimientos m\u00e1s emotivos dentro de lo que significa el olimpismo. Estar\u00e1 representando al deporte argentino en el encendido de la llama ol\u00edmpica para los Juegos Buenos Aires 2018 en el origen mismo de los Juegos, en Atenas.<br \/>\n\u00abCoto\u00bb, junto a la rionegrina Valentina Mu\u00f1oz y el entrenador Walter P\u00e9rez, uno de los campeones ol\u00edmpicos de nuestro pa\u00eds, viajar\u00e1n desde Aigle (Suiza), donde se encuentran concentrados en el Centro de Entrenamiento UCI de cara al campeonato Mundial Junior de Pista que se har\u00e1 en ese escenario, y luego ultimar detalles de la preparaci\u00f3n para Buenos Aires 2018.<br \/>\nLa llama Ol\u00edmpica de la juventud se va a encender con los rayos del sol el martes 24 de julio en una ceremonia en el Estadio Panathinaik\u00f3 de Atenas. Un d\u00eda m\u00e1s tarde se espera su llegada en avi\u00f3n a la ciudad de Buenos Aires, para luego iniciar un recorrido por distintas ciudades de nuestro pa\u00eds.<br \/>\nSin dudas ser\u00e1 un momento muy especial para los protagonistas y Yoel Vargas podr\u00e1 disfrutarlo.<\/p>\n<p>UN POCO DE HISTORIA<br \/>\nEl fuego siempre tuvo un papel muy importante en la vida del hombre. Tambi\u00e9n en la historia de los Juegos Ol\u00edmpicos. La llama es el s\u00edmbolo m\u00e1s reconocible junto con los cinco anillos y su significado se remonta hasta la mitolog\u00eda griega, cuando Prometeo rob\u00f3 el fuego de los dioses para entreg\u00e1rselo a los hombres, luego de que Zeus no estuviera de acuerdo con ayudarlos.<br \/>\nLa tradici\u00f3n de la llama Ol\u00edmpica proviene de los Juegos de la Antigua Grecia, porque frente a los principales templos se pon\u00eda un fuego eterno y lo mismo se hac\u00eda en la sede de las competencias, dentro de los l\u00edmites de Olimpia. La ceremonia ahora es protagonizada por mujeres vestidas como sacerdotisas de aquella \u00e9poca.<br \/>\nLa llama Ol\u00edmpica simboliza la vida, el racionalismo y la libertad, vinculando a los Juegos de la Antigua Grecia con los de la Era Moderna. Su reaparici\u00f3n se produjo en Amsterdam 1928.<br \/>\nAquella llama se utilizaba con el objetivo de indicar a kil\u00f3metros de distancia en qu\u00e9 parte de Amsterdam se estaban celebrando los Juegos Ol\u00edmpicos. En la actualidad, se enciende en suelo griego por medio de los rayos solares y comienza un recorrido hasta la ciudad organizadora de cada edici\u00f3n.<br \/>\nEl martes 24 de julio, en una ceremonia en el Estadio Panathinaik\u00f3 de Atenas, la llama Ol\u00edmpica de la juventud se encender\u00e1 con los rayos del sol y se iniciar\u00e1 la trayectoria desde Grecia con la participaci\u00f3n de j\u00f3venes atletas. Un d\u00eda m\u00e1s tarde se la espera en Argentina. El fuego sagrado va a iluminar a Buenos Aires 2018.<\/p>\n","protected":false},"excerpt":{"rendered":"<p>El ciclista rafaelino Yoel Vargas vivir\u00e1 el martes venidero uno de los acontecimientos m\u00e1s emotivos dentro de lo que significa<\/p>\n","protected":false},"author":2,"featured_media":13617,"comment_status":"open","ping_status":"open","sticky":false,"template":"","format":"standard","meta":{"footnotes":""},"categories":[4,24],"tags":[],"class_list":["post-13616","post","type-post","status-publish","format-standard","has-post-thumbnail","hentry","category-ciclismo","category-noticias-destacadas"],"cc_featured_image_caption":{"caption_text":"Yoel Vargas viajar\u00e1 desde Suiza a Grecia para la ceremonia.","source_text":"","source_url":""},"_links":{"self":[{"href":"https:\/\/todoapulmon-rafaela.com\/index.php\/wp-json\/wp\/v2\/posts\/13616"}],"collection":[{"href":"https:\/\/todoapulmon-rafaela.com\/index.php\/wp-json\/wp\/v2\/posts"}],"about":[{"href":"https:\/\/todoapulmon-rafaela.com\/index.php\/wp-json\/wp\/v2\/types\/post"}],"author":[{"embeddable":true,"href":"https:\/\/todoapulmon-rafaela.com\/index.php\/wp-json\/wp\/v2\/users\/2"}],"replies":[{"embeddable":true,"href":"https:\/\/todoapulmon-rafaela.com\/index.php\/wp-json\/wp\/v2\/comments?post=13616"}],"version-history":[{"count":1,"href":"https:\/\/todoapulmon-rafaela.com\/index.php\/wp-json\/wp\/v2\/posts\/13616\/revisions"}],"predecessor-version":[{"id":13618,"href":"https:\/\/todoapulmon-rafaela.com\/index.php\/wp-json\/wp\/v2\/posts\/13616\/revisions\/13618"}],"wp:featuredmedia":[{"embeddable":true,"href":"https:\/\/todoapulmon-rafaela.com\/index.php\/wp-json\/wp\/v2\/media\/13617"}],"wp:attachment":[{"href":"https:\/\/todoapulmon-rafaela.com\/index.php\/wp-json\/wp\/v2\/media?parent=13616"}],"wp:term":[{"taxonomy":"category","embeddable":true,"href":"https:\/\/todoapulmon-rafaela.com\/index.php\/wp-json\/wp\/v2\/categories?post=13616"},{"taxonomy":"post_tag","embeddable":true,"href":"https:\/\/todoapulmon-rafaela.com\/index.php\/wp-json\/wp\/v2\/tags?post=13616"}],"curies":[{"name":"wp","href":"https:\/\/api.w.org\/{rel}","templated":true}]}}