{"id":13584,"date":"2018-07-19T03:13:59","date_gmt":"2018-07-19T03:13:59","guid":{"rendered":"http:\/\/todoapulmon-rafaela.com\/?p=13584"},"modified":"2018-07-19T03:13:59","modified_gmt":"2018-07-19T03:13:59","slug":"almagro-en-la-copa-america-de-patin","status":"publish","type":"post","link":"https:\/\/todoapulmon-rafaela.com\/index.php\/2018\/07\/19\/almagro-en-la-copa-america-de-patin\/","title":{"rendered":"Almagro en la Copa Am\u00e9rica de Pat\u00edn"},"content":{"rendered":"<p>Una delegaci\u00f3n de 21 patinadoras del Club Almagro participar\u00e1n desde hoy y hasta el domingo 22 de julio en la Copa Am\u00e9rica de Pat\u00edn art\u00edstico, que se realizar\u00e1 en el gimnasio del Colegio Mar\u00eda Mazzarello de San Justo, Buenos Aires.<\/p>\n<p>La entidad rafaelina presentar\u00e1 a su grupo de Show Mayores Avanzado, con la coreograf\u00eda Nuestra Vida, Nuestra Historia; dos cuartetos, solistas y Free Dance. En el certamen intervendr\u00e1n delegaciones de Argentina, Brasil, Uruguay, Ecuador y Chile.<\/p>\n<p>Se trata de la tercera edici\u00f3n del evento, en el cual la entidad rafaelina ha estado siempre presente, con importantes logros.<\/p>\n","protected":false},"excerpt":{"rendered":"<p>Una delegaci\u00f3n de 21 patinadoras del Club Almagro participar\u00e1n desde hoy y hasta el domingo 22 de julio en la<\/p>\n","protected":false},"author":2,"featured_media":13586,"comment_status":"open","ping_status":"open","sticky":false,"template":"","format":"standard","meta":{"footnotes":""},"categories":[24,30],"tags":[],"class_list":["post-13584","post","type-post","status-publish","format-standard","has-post-thumbnail","hentry","category-noticias-destacadas","category-patin"],"cc_featured_image_caption":{"caption_text":"El grupo de patinadoras de Almagro que estar\u00e1 participando, previo a la partida desde el club.","source_text":"","source_url":""},"_links":{"self":[{"href":"https:\/\/todoapulmon-rafaela.com\/index.php\/wp-json\/wp\/v2\/posts\/13584"}],"collection":[{"href":"https:\/\/todoapulmon-rafaela.com\/index.php\/wp-json\/wp\/v2\/posts"}],"about":[{"href":"https:\/\/todoapulmon-rafaela.com\/index.php\/wp-json\/wp\/v2\/types\/post"}],"author":[{"embeddable":true,"href":"https:\/\/todoapulmon-rafaela.com\/index.php\/wp-json\/wp\/v2\/users\/2"}],"replies":[{"embeddable":true,"href":"https:\/\/todoapulmon-rafaela.com\/index.php\/wp-json\/wp\/v2\/comments?post=13584"}],"version-history":[{"count":2,"href":"https:\/\/todoapulmon-rafaela.com\/index.php\/wp-json\/wp\/v2\/posts\/13584\/revisions"}],"predecessor-version":[{"id":13587,"href":"https:\/\/todoapulmon-rafaela.com\/index.php\/wp-json\/wp\/v2\/posts\/13584\/revisions\/13587"}],"wp:featuredmedia":[{"embeddable":true,"href":"https:\/\/todoapulmon-rafaela.com\/index.php\/wp-json\/wp\/v2\/media\/13586"}],"wp:attachment":[{"href":"https:\/\/todoapulmon-rafaela.com\/index.php\/wp-json\/wp\/v2\/media?parent=13584"}],"wp:term":[{"taxonomy":"category","embeddable":true,"href":"https:\/\/todoapulmon-rafaela.com\/index.php\/wp-json\/wp\/v2\/categories?post=13584"},{"taxonomy":"post_tag","embeddable":true,"href":"https:\/\/todoapulmon-rafaela.com\/index.php\/wp-json\/wp\/v2\/tags?post=13584"}],"curies":[{"name":"wp","href":"https:\/\/api.w.org\/{rel}","templated":true}]}}