{"id":13581,"date":"2018-07-18T13:53:31","date_gmt":"2018-07-18T13:53:31","guid":{"rendered":"http:\/\/todoapulmon-rafaela.com\/?p=13581"},"modified":"2018-07-19T23:50:52","modified_gmt":"2018-07-19T23:50:52","slug":"candela-gentinetta-y-lucia-operto-viajan-con-la-seleccion-al-mundial","status":"publish","type":"post","link":"https:\/\/todoapulmon-rafaela.com\/index.php\/2018\/07\/18\/candela-gentinetta-y-lucia-operto-viajan-con-la-seleccion-al-mundial\/","title":{"rendered":"Candela Gentinetta y Luc\u00eda Operto viajan con la selecci\u00f3n al Mundial"},"content":{"rendered":"<p>Este mi\u00e9rcoles, a las 13:40, v\u00eda Par\u00eds, la selecci\u00f3n argentina femenina U17 volar\u00e1 a Minks (capital de Bielorrusia), donde del 21 al 29 de julio se disputar\u00e1 el Mundial. Protagonistas del quinto certamen m\u00e1ximo de la categor\u00eda ser\u00e1n Candela Gentinetta y Luc\u00eda Operto, jugadoras de Ben Hur de nuestra ciudad.<\/p>\n<p>La rafaelina y la lehmense forman parte de la camada que viene de ser campeona en el Sudamericano U14 del 2015 celebrado en el CeNARD, y del U15 del 2016 que se desarroll\u00f3 en la ciudad ecuatoriana de Ibarra. El a\u00f1o pasado, repitiendo el Centro Nacional de Alto Rendimiento Deportivo como sede, se qued\u00f3 con el tercer puesto del FIBA Americas U16, consiguiendo de esa manera el boleto a este torneo continental.<\/p>\n<p>En relaci\u00f3n a la plantilla del 2017 habr\u00e1 dos cambios. Por un lado, la salida de Dalma Piri y el ingreso de Luciana Riccotti, quien particip\u00f3 del Sudamericano U15. Por el otro, la baja de Roc\u00edo Bereilh por motivos personales, y en su lugar el debut oficial en selecciones menores de Camila Lignac.<\/p>\n<p>La bahiense Laura Cors volver\u00e1 a ser la entrenadora de estas chicas, mientras que Leonardo Costa ser\u00e1 su asistente.<\/p>\n<p>En su preparaci\u00f3n, el equipo tuvo una gira por Francia, haciendo frente a dos torneos: Rez\u00e9 y Foug\u00e9res. En el primero los rivales fueron Irlanda, Polonia y B\u00e9lgica; mientras que en el segundo se midieron ante Holanda, Israel y Francia. Si a eso se le suma un amistoso ante un equipo local, nuestras chicas contabilizaron siete encuentros de calidad; con el agregado que parte de este plantel tambi\u00e9n disput\u00f3 los ODESUR.<\/p>\n<p>En Minsk, capital bielorrusa, Argentina compartir\u00e1 el grupo \u201cC\u201d con Nueva Zelanda, Espa\u00f1a y Hungr\u00eda. En el \u201cA\u201d estar\u00e1n Jap\u00f3n, Colombia, Francia y las locales. En el \u201cB\u201d, China, USA, Italia y Mali. Mientras que el \u201cD\u201d lo compondr\u00e1n Angola, Letonia, Canad\u00e1 y Australia.<\/p>\n<p>Nuestras chicas debutar\u00e1n el s\u00e1bado ante las h\u00fangaras a las 9:30 (hora de nuestro pa\u00eds). El domingo enfrentar\u00e1 a las espa\u00f1olas a las 10 (hora de nuestro pa\u00eds); y luego del lunes de descanso para todos los elencos, el martes cerrar\u00e1n la primera fase ante las neozelandesas a partir de las 7:45 (hora de nuestro pa\u00eds).<\/p>\n<p>El sistema de disputa indica que todos los equipos avanzan a playoff. All\u00ed los que formaban la zona \u201cA\u201d cruzar\u00e1n con los de la \u201cB\u201d; mientras que los de la \u201cC\u201d har\u00e1n lo propio con los de la \u201cD\u201d; en un agrupamiento de primero con cuarto, y segundo con tercero. Esto suceder\u00e1 el mi\u00e9rcoles 25.<\/p>\n<p>El jueves 26 habr\u00e1 otro descanso, y a partir del viernes 27 se dividir\u00e1 el torneo en dos: por un lado, los que ir\u00e1n por el t\u00edtulo, y por el otro, los que afrontar\u00e1n la ronda consuelo.<\/p>\n<p>El detalle de la n\u00f3mina es el siguiente:<\/p>\n<p>Camila Lignac \/ 24-11-2001 \/ 1.65 \/ base<br \/>\nNaci\u00f3 en Adrogu\u00e9 (Bs.As.) \u2013 Actualmente en Temperley<br \/>\nDebutar\u00e1 con selecciones menores<\/p>\n<p>Ariana Rugna \/ 02-04-2001 \/ 1.63 \/ base<br \/>\nNaci\u00f3 en Capital Federal \u2013 Actualmente en TerrAlfas (Espa\u00f1a)<br \/>\n3 torneos oficiales con selecciones menores<\/p>\n<p>Sof\u00eda Acevedo \/ 30-04-2001 \/ 1.67 \/ base<br \/>\nNaci\u00f3 en Marcos Paz (Bs.As.) \u2013 Actualmente en Lan\u00fas<br \/>\n5 torneos oficiales con selecciones menores<\/p>\n<p>Florencia Chagas \/ 27-06-2001 \/ 1.80 \/ escolta<br \/>\nNaci\u00f3 en Moreno (Bs.As.) \u2013 Actualmente en el Famila Schio (Italia)<br \/>\n8 torneos oficiales con selecciones menores<\/p>\n<p>Roc\u00edo Cejas \/ 19-01-2001 \/ 1.71 \/ alera<br \/>\nNaci\u00f3 en Temperley (Bs.As.) \u2013 Actualmente en Berazategui<br \/>\n3 torneos oficiales con selecciones menores<\/p>\n<p>Candela Gentinetta \/ 18-03-2001 \/ 1.81 \/ alera<br \/>\nNaci\u00f3 en Rafaela (Santa Fe) \u2013 Actualmente en Ben Hur de Rafaela<br \/>\n5 torneos oficiales con selecciones menores<\/p>\n<p>Martina Torres \/ 03-12-2002 \/ 1.80 \/ alera<br \/>\nNaci\u00f3 en Trelew (Chubut) \u2013 Actualmente en Lan\u00fas<br \/>\n2 torneos oficiales con selecciones menores<\/p>\n<p>Victoria Gauna \/ 22-07-2001 \/ 1.85 \/ ala-pivot<br \/>\nNaci\u00f3 en Mendoza \u2013 Actualmente en Las Heras<br \/>\n5 torneos oficiales con selecciones menores<\/p>\n<p>Brenda Fontana \/ 03-05-2001 \/ 1.85 \/ pivot<br \/>\nNaci\u00f3 en Moreno (Bs.As.) \u2013 Actualmente en V\u00e9lez<br \/>\n4 torneos oficiales con selecciones menores<\/p>\n<p>Malvina D\u00b4Agostino \/ 03-04-2001 \/ 1.85 \/ pivot<br \/>\nNaci\u00f3 en Viale (Entre R\u00edos) \u2013 Actualmente en Talleres de Paran\u00e1<br \/>\n2 torneos oficiales con selecciones menores<\/p>\n<p>Luciana Riccotti \/ 06-04-2001 \/ 1.85 \/ pivot<br \/>\nNaci\u00f3 en Pilar (Bs.As.) \u2013 Actualmente en Berazategui<br \/>\n1 torneo oficial con selecciones menores<\/p>\n<p>Luc\u00eda Operto \/ 05-01-2001 \/ 1.91 \/ pivot<br \/>\nNaci\u00f3 en Rafaela (Santa Fe) \u2013 Actualmente en Ben Hur de Rafaela<br \/>\n5 torneos oficiales con selecciones menores<\/p>\n<p><strong>Un poco de historia<\/strong><br \/>\nArgentina particip\u00f3 del primero de los mundiales U17. Se desarroll\u00f3 del 16 al 25 de julio del 2010 en las ciudades francesas de Rodez y Toulouse; con la particularidad que el evento, en aquel entonces, era solo para 12 selecciones.<\/p>\n<p>Este n\u00famero de equipos se repiti\u00f3 en el 2012, en Amsterdam; y ya para el 2014, en la Rep\u00fablica Checa, se ampli\u00f3 a 16. En 2016, Nigeria termin\u00f3 desistiendo de participar, por lo que Zaragoza tuvo 15 elencos presentes.<\/p>\n<p>En la que es hasta ahora su \u00fanica participaci\u00f3n en este evento, Argentina se llev\u00f3 de ese 2010 un noveno puesto, con marca de 4-3.<\/p>\n<p>La plantilla nacional la integraron Micaela Sancisi, Roc\u00edo D\u00edaz, Brenda Chaine, Diana Cabrera, Macarena Jerez Pilotti, Carolina Mart\u00ednez, Melisa Gretter, Julieta V\u00e1zquez, Julieta Armesto, Daiana Acosta, Evangelina Zetzsche y Mariana Favre.<\/p>\n<p>En fase de grupos (eran dos zonas de seis), inici\u00f3 con ca\u00edda ante China (72-54), le gan\u00f3 a B\u00e9lgica (55-53), perdi\u00f3 con Australia (77-57) y Espa\u00f1a (68-38); y cerr\u00f3 con triunfo ante Mali (75-49). Ya en ronda consuelo, debido a que s\u00f3lo los mejores cuatro de cada segmento iban a cuartos de final, dobleg\u00f3 primero a Canad\u00e1 (59-51), y luego hizo lo propio con Turqu\u00eda (62-48).<\/p>\n<p>De ese evento formaron parte jugadoras que hoy nutren a sus respectivas selecciones mayores. Los casos m\u00e1s resonantes son los de Olivia Epoupa (Francia), Stephanie Talbot y Sara Blicavs (Australia), Nirra Fields (Canad\u00e1), Breanna Stewart (USA), Julie Vanloo, Hanne Mestdagh y Emma Meesseman (B\u00e9lgica), m\u00e1s Olcay Cakir y Ayse Cora (Turqu\u00eda); por nombrar algunas, y sin olvidar de repetir a la rafaelina Melisa Gretter.<\/p>\n<p>(Fuente: CABB).<\/p>\n","protected":false},"excerpt":{"rendered":"<p>Este mi\u00e9rcoles, a las 13:40, v\u00eda Par\u00eds, la selecci\u00f3n argentina femenina U17 volar\u00e1 a Minks (capital de Bielorrusia), donde del<\/p>\n","protected":false},"author":2,"featured_media":13582,"comment_status":"open","ping_status":"open","sticky":false,"template":"","format":"standard","meta":{"footnotes":""},"categories":[5],"tags":[],"class_list":["post-13581","post","type-post","status-publish","format-standard","has-post-thumbnail","hentry","category-basquet"],"cc_featured_image_caption":{"caption_text":"Las chicas van por un buen Mundial (foto prensa CABB).","source_text":"","source_url":""},"_links":{"self":[{"href":"https:\/\/todoapulmon-rafaela.com\/index.php\/wp-json\/wp\/v2\/posts\/13581"}],"collection":[{"href":"https:\/\/todoapulmon-rafaela.com\/index.php\/wp-json\/wp\/v2\/posts"}],"about":[{"href":"https:\/\/todoapulmon-rafaela.com\/index.php\/wp-json\/wp\/v2\/types\/post"}],"author":[{"embeddable":true,"href":"https:\/\/todoapulmon-rafaela.com\/index.php\/wp-json\/wp\/v2\/users\/2"}],"replies":[{"embeddable":true,"href":"https:\/\/todoapulmon-rafaela.com\/index.php\/wp-json\/wp\/v2\/comments?post=13581"}],"version-history":[{"count":1,"href":"https:\/\/todoapulmon-rafaela.com\/index.php\/wp-json\/wp\/v2\/posts\/13581\/revisions"}],"predecessor-version":[{"id":13583,"href":"https:\/\/todoapulmon-rafaela.com\/index.php\/wp-json\/wp\/v2\/posts\/13581\/revisions\/13583"}],"wp:featuredmedia":[{"embeddable":true,"href":"https:\/\/todoapulmon-rafaela.com\/index.php\/wp-json\/wp\/v2\/media\/13582"}],"wp:attachment":[{"href":"https:\/\/todoapulmon-rafaela.com\/index.php\/wp-json\/wp\/v2\/media?parent=13581"}],"wp:term":[{"taxonomy":"category","embeddable":true,"href":"https:\/\/todoapulmon-rafaela.com\/index.php\/wp-json\/wp\/v2\/categories?post=13581"},{"taxonomy":"post_tag","embeddable":true,"href":"https:\/\/todoapulmon-rafaela.com\/index.php\/wp-json\/wp\/v2\/tags?post=13581"}],"curies":[{"name":"wp","href":"https:\/\/api.w.org\/{rel}","templated":true}]}}