{"id":13557,"date":"2018-07-14T01:11:25","date_gmt":"2018-07-14T01:11:25","guid":{"rendered":"http:\/\/todoapulmon-rafaela.com\/?p=13557"},"modified":"2018-07-14T01:11:25","modified_gmt":"2018-07-14T01:11:25","slug":"gentinetta-y-operto-tambien-en-la-lista-del-premundial-u18","status":"publish","type":"post","link":"https:\/\/todoapulmon-rafaela.com\/index.php\/2018\/07\/14\/gentinetta-y-operto-tambien-en-la-lista-del-premundial-u18\/","title":{"rendered":"Gentinetta y Operto tambi\u00e9n en la lista del Premundial U18"},"content":{"rendered":"<p>El Coordinador de selecciones menores femeninas Hern\u00e1n Amaya dio a conocer la n\u00f3mina definitiva de la selecci\u00f3n nacional U18 femenina que disputar\u00e1 el torneo Fiba Am\u00e9ricas, a disputarse en M\u00e9xico el mes que viene.<\/p>\n<p>La lista la componen Camila Su\u00e1rez, Laila Raviolo, Martina Scian, Sol Castro, Mar\u00eda Victoria Fux, Lucila Cragnolino y Sof\u00eda Wolf; m\u00e1s las U17 Florencia Chagas, Sof\u00eda Acevedo, Victoria Gauna, Luc\u00eda Operto y Candela Gentinetta. Estas dos \u00faltimas, jugadoras de Ben Hur de nuestra ciudad, estar\u00e1n afrontando de tal modo su tercer evento internacional del a\u00f1o, luego de los Juegos Suramericanos en Cochabamba y el Mundial de fin de mes en Bielorrusia.<\/p>\n<p>En relaci\u00f3n al equipo que afront\u00f3 los Juegos ODESUR solo habr\u00e1 dos cambios. Salen la perimetral Abril Ram\u00edrez y la interna U17 Brenda Fontana, e ingresan Martina Scian y Lucila Cragnolino. En cambio, si se toma como referencia el elenco que se coron\u00f3 en el Sudamericano U17 del a\u00f1o pasado, la \u00fanica modificaci\u00f3n ser\u00e1 el ingreso de Sol Castro por Camila Peri.<\/p>\n<p>A partir de este s\u00e1bado 14, nuestras U18 iniciar\u00e1n su \u00faltima etapa de preparaci\u00f3n con vistas a lo que ser\u00e1 el FIBA Americas de la categor\u00eda, el cual se jugar\u00e1 del 1 al 7 de agosto en el Distrito Federal mexicano. D\u00edas atr\u00e1s se llev\u00f3 adelante el\u00a0<a href=\"https:\/\/www.argentina.basketball\/ver\/noticia\/nuestras-u18-ya-conocen-a-sus-rivales\"><strong>sorteo de los grupos de primera fase<\/strong><\/a>, donde Argentina recay\u00f3 en el segmento \u201cA\u201d junto con Estados Unidos, Puerto Rico y Chile.<\/p>\n<p>La primera parte de la concentraci\u00f3n final se vivir\u00e1 desde este s\u00e1bado, hasta el martes 17 inclusive. Luego volver\u00e1n a juntarse a partir del lunes 23, y una vez que concluya el Mundial U17 en Bielorrusia, las restantes cinco jugadoras se sumar\u00e1n.<\/p>\n<p>El cuerpo t\u00e9cnico es integrado por Leonardo Costa (entrenador), Manuel Anglese (asistente), Victoria Limoni (kinesi\u00f3loga), Florencia Bussolo (preparadora f\u00edsica), Hern\u00e1n Amaya (jefe de equipo), y Sergio Gatti (presidente de delegaci\u00f3n).<\/p>\n<p>Respecto a c\u00f3mo ha sido el desarrollo del equipo, Hern\u00e1n Amaya afirm\u00f3 que \u201cestamos muy conformes por todo lo que trabajan las chicas diariamente y por fuera de las concentraciones en su mejora individual\u201d.<\/p>\n<p>\u201cEsperamos que se pueda ver plasmado el desarrollo de cada una como resultado de la experiencia ganada en los ODESUR, la gira europea y la participaci\u00f3n en el Mundial, en el caso de las U17. Si bien enfrentan una competencia por dem\u00e1s excesiva para su edad, siempre encuentran tiempo para pensar en su desarrollo\u201d.<\/p>\n<p>En tanto que el entrenador Leonardo Costa hizo foco en que \u201cnos encontramos en la parte final de la preparaci\u00f3n de ambos equipos con mucha energ\u00eda para disfrutar de los torneos que tenemos por delante\u201d.<\/p>\n<p>\u201cEl objetivo es intentar superarnos siempre. Estamos muy contentos con las experiencias que representaron Europa y los ODESUR, los cuales nos aportaron aprendizajes muy valiosos para continuar con el desarrollo de las jugadoras, y a nosotros tambi\u00e9n como entrenadores\u201d.<\/p>\n<p>El detalle de la n\u00f3mina es el siguiente:<\/p>\n<p>Sof\u00eda Acevedo \/ 30-04-2001 \/ 1.67 \/ base<br \/>\nNaci\u00f3 en Marcos Paz (Bs.As) \u2013 Actualmente en Lan\u00fas<br \/>\n6 torneos oficiales con selecciones menores<\/p>\n<p>Sof\u00eda Wolf \/ 04-01-2000 \/ 1.66 \/ base<br \/>\nNaci\u00f3 en Crespo (Entre R\u00edos) \u2013 Actualmente en Berazategui<br \/>\n2 torneos oficiales con selecciones menores<\/p>\n<p>Martina Scian \/ 06-09-2000 \/ 1.70 \/ escolta<br \/>\nNaci\u00f3 en Lan\u00fas (Buenos Aires) \u2013 Actualmente en Lan\u00fas.<br \/>\n1 torneo oficial con selecciones menores<\/p>\n<p>Florencia Chagas \/ 27-06-2001 \/ 1.80 \/ escolta<br \/>\nNaci\u00f3 en Moreno (Bs.As) \u2013 Actualmente en el Famila Schio (Italia)<br \/>\n9 torneos oficiales con selecciones menores<\/p>\n<p>Camila Su\u00e1rez \/ 12-07-2000 \/ 1.78 \/ escolta<br \/>\nNaci\u00f3 en Concepci\u00f3n del Uruguay (Entre R\u00edos) \u2013 Actualmente en Rocamora<br \/>\n2 torneos oficiales con selecciones menores<\/p>\n<p>Laila Raviolo \/ 13-01-2000 \/ 1.80 \/ alera<br \/>\nNaci\u00f3 en Salto Grande (Santa Fe) \u2013 Actualmente en Temperley<br \/>\n4 torneos oficiales con selecciones menores<\/p>\n<p>Candela Gentinetta \/ 18-03-2001 \/ 1.81 \/ alera<br \/>\nNaci\u00f3 en Rafaela (Santa Fe) \u2013 Actualmente en Ben Hur de Rafaela<br \/>\n6 torneos oficiales con selecciones menores<\/p>\n<p>Victoria Gauna \/ 22-07-2001 \/ 1.85 \/ ala-pivot<br \/>\nNaci\u00f3 en Mendoza \u2013 Actualmente en Las Heras<br \/>\n6 torneos oficiales con selecciones menores<\/p>\n<p>Lucila Cragnolino \/ 25-02-2000 \/ 1.82 \/ ala pivot<br \/>\nNaci\u00f3 en Santo Tom\u00e9 (Santa Fe) \u2013 Actualmente en Temperley<br \/>\n1 torneo oficial con selecciones menores<\/p>\n<p>Luc\u00eda Operto \/ 05-01-2001 \/ 1.91 \/ pivot<br \/>\nNaci\u00f3 en Rafaela (Santa Fe) \u2013 Actualmente en Ben Hur de Rafaela<br \/>\n6 torneos oficiales con selecciones menores<\/p>\n<p>Sol Castro \/ 31-01-2000 \/ 1.86 \/ pivot<br \/>\nNaci\u00f3 en R\u00edo Colorado (R\u00edo Negro) \u2013 Actualmente en Lan\u00fas<br \/>\n1 torneo oficial con selecciones menores<\/p>\n<p>Mar\u00eda Victoria Fux \/ 18-07-2000 \/ 1.85 \/ pivot<br \/>\nNaci\u00f3 en Rosario (Santa Fe) \u2013 Actualmente en Obras.<br \/>\n4 torneos oficiales con selecciones menores.<\/p>\n<p>(Fuente CABB).<\/p>\n","protected":false},"excerpt":{"rendered":"<p>El Coordinador de selecciones menores femeninas Hern\u00e1n Amaya dio a conocer la n\u00f3mina definitiva de la selecci\u00f3n nacional U18 femenina<\/p>\n","protected":false},"author":2,"featured_media":13559,"comment_status":"open","ping_status":"open","sticky":false,"template":"","format":"standard","meta":{"footnotes":""},"categories":[5,24],"tags":[],"class_list":["post-13557","post","type-post","status-publish","format-standard","has-post-thumbnail","hentry","category-basquet","category-noticias-destacadas"],"cc_featured_image_caption":{"caption_text":"","source_text":"","source_url":""},"_links":{"self":[{"href":"https:\/\/todoapulmon-rafaela.com\/index.php\/wp-json\/wp\/v2\/posts\/13557"}],"collection":[{"href":"https:\/\/todoapulmon-rafaela.com\/index.php\/wp-json\/wp\/v2\/posts"}],"about":[{"href":"https:\/\/todoapulmon-rafaela.com\/index.php\/wp-json\/wp\/v2\/types\/post"}],"author":[{"embeddable":true,"href":"https:\/\/todoapulmon-rafaela.com\/index.php\/wp-json\/wp\/v2\/users\/2"}],"replies":[{"embeddable":true,"href":"https:\/\/todoapulmon-rafaela.com\/index.php\/wp-json\/wp\/v2\/comments?post=13557"}],"version-history":[{"count":2,"href":"https:\/\/todoapulmon-rafaela.com\/index.php\/wp-json\/wp\/v2\/posts\/13557\/revisions"}],"predecessor-version":[{"id":13560,"href":"https:\/\/todoapulmon-rafaela.com\/index.php\/wp-json\/wp\/v2\/posts\/13557\/revisions\/13560"}],"wp:featuredmedia":[{"embeddable":true,"href":"https:\/\/todoapulmon-rafaela.com\/index.php\/wp-json\/wp\/v2\/media\/13559"}],"wp:attachment":[{"href":"https:\/\/todoapulmon-rafaela.com\/index.php\/wp-json\/wp\/v2\/media?parent=13557"}],"wp:term":[{"taxonomy":"category","embeddable":true,"href":"https:\/\/todoapulmon-rafaela.com\/index.php\/wp-json\/wp\/v2\/categories?post=13557"},{"taxonomy":"post_tag","embeddable":true,"href":"https:\/\/todoapulmon-rafaela.com\/index.php\/wp-json\/wp\/v2\/tags?post=13557"}],"curies":[{"name":"wp","href":"https:\/\/api.w.org\/{rel}","templated":true}]}}