{"id":13487,"date":"2018-07-09T01:26:39","date_gmt":"2018-07-09T01:26:39","guid":{"rendered":"http:\/\/todoapulmon-rafaela.com\/?p=13487"},"modified":"2018-07-09T01:26:39","modified_gmt":"2018-07-09T01:26:39","slug":"gentinetta-y-operto-fueron-confirmadas-entre-las-12-que-van-al-mundial","status":"publish","type":"post","link":"https:\/\/todoapulmon-rafaela.com\/index.php\/2018\/07\/09\/gentinetta-y-operto-fueron-confirmadas-entre-las-12-que-van-al-mundial\/","title":{"rendered":"Gentinetta y Operto fueron confirmadas entre las 12 que van al Mundial"},"content":{"rendered":"<p>Del 21 al 29 del presente mes, Las Hormigas (como se denomina al seleccionado nacional femenino U17) ser\u00e1n parte del Mundial de la categor\u00eda que se disputar\u00e1 en Minsk, la capital de Bielorrusia, formando parte en primera fase del grupo \u201cC\u201d, junto con Nueva Zelanda, Espa\u00f1a y Hungr\u00eda.<br \/>\nLuego de la gira francesa, donde intervinieron en los torneos de Rez\u00e9 y Foug\u00e9res, el cuerpo t\u00e9cnico decidi\u00f3 no hacer modificaciones en la plantilla, por lo que esas mismas 12 chicas ser\u00e1n las mundialistas que dirija Laura Cors. Por ende, all\u00ed estar\u00e1n las dos jugadoras de Ben Hur de nuestra ciudad, Candela Gentinetta y Luc\u00eda Operto, concretando el sue\u00f1o de disputar el certamen m\u00e1s importante del a\u00f1o en su categor\u00eda.<br \/>\nEn relaci\u00f3n al FIBA Americas U16 celebrado en el CeNARD durante el 2017, el \u00fanico cambio fue la salida de Dalma Piri por Luciana Riccotti, quien hab\u00eda sido parte del Sudamericano U15 del 2016.<br \/>\nSin lugar a dudas, el hecho de formar parte del selecto grupo de 16 elencos que afrontar\u00e1n la cita mundialista ya es un gran paso adelante para esta camada. Lo que venga, de aqu\u00ed en m\u00e1s, ser\u00e1 un premio a su esfuerzo y el mejor combustible para que contin\u00faen mejorando. El viaje est\u00e1 previsto para el mi\u00e9rcoles 18.<\/p>\n<p>El detalle de la n\u00f3mina es el siguiente:<\/p>\n<p>Ariana Rugna \/ 02-04-2001 \/ 1.63 \/ base<br \/>\nNaci\u00f3 en Capital Federal \u2013 Actualmente en TerrAlfas (Espa\u00f1a)<br \/>\n3 torneos oficiales con selecciones menores<\/p>\n<p>Sof\u00eda Acevedo \/ 30-04-2001 \/ 1.67 \/ base<br \/>\nNaci\u00f3 en Marcos Paz (Bs.As) \u2013 Actualmente en Lan\u00fas<br \/>\n5 torneos oficiales con selecciones menores<\/p>\n<p>Roc\u00edo Bereilh \/ 16-04-2001 \/ 1.66 \/ escolta<br \/>\nNaci\u00f3 en Mar del Plata (Bs.As) \u2013 Actualmente en Obras<br \/>\n3 torneos oficiales con selecciones menores<\/p>\n<p>Florencia Chagas \/ 27-06-2001 \/ 1.80 \/ escolta<br \/>\nNaci\u00f3 en Moreno (Bs.As) \u2013 Actualmente en el Famila Schio (Italia)<br \/>\n8 torneos oficiales con selecciones menores<\/p>\n<p>Roc\u00edo Cejas \/ 19-01-2001 \/ 1.71 \/ alera<br \/>\nNaci\u00f3 en Temperley (Bs.As) \u2013 Actualmente en Berazategui<br \/>\n3 torneos oficiales con selecciones menores<\/p>\n<p>Candela Gentinetta \/ 18-03-2001 \/ 1.81 \/ alera<br \/>\nNaci\u00f3 en Rafaela (Santa Fe) \u2013 Actualmente en Ben Hur de Rafaela<br \/>\n5 torneos oficiales con selecciones menores<\/p>\n<p>Martina Torres \/ 03-12-2002 \/ 1.80 \/ alera<br \/>\nNaci\u00f3 en Trelew (Chubut) \u2013 Actualmente en Lan\u00fas<br \/>\n2 torneos oficiales con selecciones menores<\/p>\n<p>Victoria Gauna \/ 22-07-2001 \/ 1.85 \/ ala-pivot<br \/>\nNaci\u00f3 en Mendoza \u2013 Actualmente en Las Heras<br \/>\n5 torneos oficiales con selecciones menores<\/p>\n<p>Brenda Fontana \/ 03-05-2001 \/ 1.85 \/ pivot<br \/>\nNaci\u00f3 en Moreno (Bs.As) \u2013 Actualmente en V\u00e9lez<br \/>\n4 torneos oficiales con selecciones menores<\/p>\n<p>Malvina D\u00b4Agostino \/ 03-04-2001 \/ 1.85 \/ pivot<br \/>\nNaci\u00f3 en Viale (Entre R\u00edos) \u2013 Actualmente en Talleres de Paran\u00e1<br \/>\n2 torneos oficiales con selecciones menores<\/p>\n<p>Luciana Riccotti \/ 06-04-2001 \/ 1.85 \/ pivot<br \/>\nNaci\u00f3 en Pilar (Bs.As) \u2013 Actualmente en Berazategui<br \/>\n1 torneo oficial con selecciones menores<\/p>\n<p>Luc\u00eda Operto \/ 05-01-2001 \/ 1.91 \/ pivot<br \/>\nNaci\u00f3 en Rafaela (Santa Fe) \u2013 Actualmente en Ben Hur de Rafaela<br \/>\n5 torneos oficiales con selecciones menores.<\/p>\n<p>(Fuente CABB).<\/p>\n","protected":false},"excerpt":{"rendered":"<p>Del 21 al 29 del presente mes, Las Hormigas (como se denomina al seleccionado nacional femenino U17) ser\u00e1n parte del<\/p>\n","protected":false},"author":2,"featured_media":13488,"comment_status":"open","ping_status":"open","sticky":false,"template":"","format":"standard","meta":{"footnotes":""},"categories":[5,24],"tags":[],"class_list":["post-13487","post","type-post","status-publish","format-standard","has-post-thumbnail","hentry","category-basquet","category-noticias-destacadas"],"cc_featured_image_caption":{"caption_text":"Cande y Luci, rumbo a Bielorrusia para el Mundial.","source_text":"","source_url":""},"_links":{"self":[{"href":"https:\/\/todoapulmon-rafaela.com\/index.php\/wp-json\/wp\/v2\/posts\/13487"}],"collection":[{"href":"https:\/\/todoapulmon-rafaela.com\/index.php\/wp-json\/wp\/v2\/posts"}],"about":[{"href":"https:\/\/todoapulmon-rafaela.com\/index.php\/wp-json\/wp\/v2\/types\/post"}],"author":[{"embeddable":true,"href":"https:\/\/todoapulmon-rafaela.com\/index.php\/wp-json\/wp\/v2\/users\/2"}],"replies":[{"embeddable":true,"href":"https:\/\/todoapulmon-rafaela.com\/index.php\/wp-json\/wp\/v2\/comments?post=13487"}],"version-history":[{"count":1,"href":"https:\/\/todoapulmon-rafaela.com\/index.php\/wp-json\/wp\/v2\/posts\/13487\/revisions"}],"predecessor-version":[{"id":13489,"href":"https:\/\/todoapulmon-rafaela.com\/index.php\/wp-json\/wp\/v2\/posts\/13487\/revisions\/13489"}],"wp:featuredmedia":[{"embeddable":true,"href":"https:\/\/todoapulmon-rafaela.com\/index.php\/wp-json\/wp\/v2\/media\/13488"}],"wp:attachment":[{"href":"https:\/\/todoapulmon-rafaela.com\/index.php\/wp-json\/wp\/v2\/media?parent=13487"}],"wp:term":[{"taxonomy":"category","embeddable":true,"href":"https:\/\/todoapulmon-rafaela.com\/index.php\/wp-json\/wp\/v2\/categories?post=13487"},{"taxonomy":"post_tag","embeddable":true,"href":"https:\/\/todoapulmon-rafaela.com\/index.php\/wp-json\/wp\/v2\/tags?post=13487"}],"curies":[{"name":"wp","href":"https:\/\/api.w.org\/{rel}","templated":true}]}}