{"id":13421,"date":"2018-07-05T16:20:11","date_gmt":"2018-07-05T16:20:11","guid":{"rendered":"http:\/\/todoapulmon-rafaela.com\/?p=13421"},"modified":"2018-07-05T16:22:11","modified_gmt":"2018-07-05T16:22:11","slug":"en-san-lorenzo-hay-una-estructura-de-basquet-de-nivel-europeo","status":"publish","type":"post","link":"https:\/\/todoapulmon-rafaela.com\/index.php\/2018\/07\/05\/en-san-lorenzo-hay-una-estructura-de-basquet-de-nivel-europeo\/","title":{"rendered":"\u00abEn San Lorenzo hay una estructura de b\u00e1squet de nivel europeo\u00bb"},"content":{"rendered":"<p>En Todo a Pulm\u00f3n radio del mi\u00e9rcoles nos dimos un peque\u00f1o lujo. Dialogamos con Gonzalo Garc\u00eda, el entrenador que le dio el tricampeonato a San Lorenzo de Almagro en la Liga Nacional y el primer t\u00edtulo continental en la Liga de las Am\u00e9ricas. Adem\u00e1s, luego de 27 a\u00f1os de comenzar su carrera profesional tuvo la satisfacci\u00f3n de tener su primera estrella, en la temporada que sucedi\u00f3 a otro gran DT como Julio Lamas.<\/p>\n<p>Gonzalo, que en 1991 cuando estaba en sus comienzos dirigi\u00f3 a Independiente de nuestra ciudad, tiene su residencia en Rafaela aunque est\u00e1 muy pocos d\u00edas al a\u00f1o, pr\u00e1cticamente solo en los recesos debido a su funci\u00f3n y en el \u00faltimo a\u00f1o potenciada por el exigente calendario que tuvo el equipo de Boedo.<\/p>\n<p>\u00abLa verdad que fueron t\u00edtulos esperados, siempre se hab\u00eda negado la Liga, la busqu\u00e9 por muchos a\u00f1os, estuvimos cerca en varios momentos y no se hab\u00eda podido dar. Pero llegamos a un club con muchas expectativas como las que tiene San Lorenzo en el b\u00e1squetbol y as\u00ed se pudo cumplir ese sue\u00f1o tan grande que ten\u00eda. Participar en un equipo con un programa de b\u00e1squetbol incre\u00edble para lo que es una Liga Nacional\u00bb, expres\u00f3 el coach en el inicio de la nota en radio El Espectador.<\/p>\n<p>Ampli\u00f3 el concepto manifestando que \u00abla verdad hay puesta en el basquet una estructura de nivel europeo, donde no falta absolutamente nada. Donde cualquier solicitud que se hace a la dirigencia se trata de cumplir, mucha gente trabajando, a los jugadores no les falta absolutamente nada, la verdad que impecable\u00bb.<\/p>\n<p>En cuanto a la vinculaci\u00f3n cercana con Marcelo Tinelli, puntualiz\u00f3 que \u00abyo ni nadie imaginaba hace algunos a\u00f1os en el ambiente del basquet que Marcelo iba a estar tan ligado a este deporte. Es una experiencia nueva, trabajar con una persona de esa capacidad no se da todos los d\u00edas, es un apasionado del deporte y ahora enganchad\u00edsimo con el basquet de San Lorenzo\u00bb.<\/p>\n<p>En cuanto a nuevos desaf\u00edos, destac\u00f3 que \u00abla idea es seguir marcando tendencia en la Liga, tratar de repetir la Liga de las Am\u00e9ricas y la frutilla del postre ser\u00eda la Copa Intercontinental, donde enfrentamos al AEK de Atenas, pero se podr\u00eda tambien sumar el campe\u00f3n de China y alg\u00fan equipo de Africa, es lo que se est\u00e1 hablando. Ser\u00eda una culminaci\u00f3n de un inicio de ciclo brillante\u00bb.<\/p>\n<p>En el transcurso de la nota tambi\u00e9n habl\u00f3 sobre Gabriel Deck, su paso como asistente en la selecci\u00f3n nacional, la generaci\u00f3n dorada, la forma de disputa de la Liga Nacional, el b\u00e1squet nacional en sus divisiones menores y otros temas.<\/p>\n<p>Aqu\u00ed el audio completo:<\/p>\n<!--[if lt IE 9]><script>document.createElement('audio');<\/script><![endif]-->\n<audio class=\"wp-audio-shortcode\" id=\"audio-13421-1\" preload=\"none\" style=\"width: 100%;\" controls=\"controls\"><source type=\"audio\/mpeg\" src=\"http:\/\/todoapulmon-rafaela.com\/wp-content\/uploads\/2018\/07\/4-7-18-GONZALO-GARCIA.mp3?_=1\" \/><a href=\"http:\/\/todoapulmon-rafaela.com\/wp-content\/uploads\/2018\/07\/4-7-18-GONZALO-GARCIA.mp3\">http:\/\/todoapulmon-rafaela.com\/wp-content\/uploads\/2018\/07\/4-7-18-GONZALO-GARCIA.mp3<\/a><\/audio>\n<p>&nbsp;<\/p>\n<p>&nbsp;<\/p>\n","protected":false},"excerpt":{"rendered":"<p>En Todo a Pulm\u00f3n radio del mi\u00e9rcoles nos dimos un peque\u00f1o lujo. Dialogamos con Gonzalo Garc\u00eda, el entrenador que le<\/p>\n","protected":false},"author":2,"featured_media":13422,"comment_status":"open","ping_status":"open","sticky":false,"template":"","format":"standard","meta":{"footnotes":""},"categories":[5,24],"tags":[],"class_list":["post-13421","post","type-post","status-publish","format-standard","has-post-thumbnail","hentry","category-basquet","category-noticias-destacadas"],"cc_featured_image_caption":{"caption_text":"Gonzalo Garc\u00eda brind\u00f3 conceptos muy interesantes sobre su presente y otros temas del b\u00e1squet argentino en nuestro programa.","source_text":"","source_url":""},"_links":{"self":[{"href":"https:\/\/todoapulmon-rafaela.com\/index.php\/wp-json\/wp\/v2\/posts\/13421"}],"collection":[{"href":"https:\/\/todoapulmon-rafaela.com\/index.php\/wp-json\/wp\/v2\/posts"}],"about":[{"href":"https:\/\/todoapulmon-rafaela.com\/index.php\/wp-json\/wp\/v2\/types\/post"}],"author":[{"embeddable":true,"href":"https:\/\/todoapulmon-rafaela.com\/index.php\/wp-json\/wp\/v2\/users\/2"}],"replies":[{"embeddable":true,"href":"https:\/\/todoapulmon-rafaela.com\/index.php\/wp-json\/wp\/v2\/comments?post=13421"}],"version-history":[{"count":3,"href":"https:\/\/todoapulmon-rafaela.com\/index.php\/wp-json\/wp\/v2\/posts\/13421\/revisions"}],"predecessor-version":[{"id":13426,"href":"https:\/\/todoapulmon-rafaela.com\/index.php\/wp-json\/wp\/v2\/posts\/13421\/revisions\/13426"}],"wp:featuredmedia":[{"embeddable":true,"href":"https:\/\/todoapulmon-rafaela.com\/index.php\/wp-json\/wp\/v2\/media\/13422"}],"wp:attachment":[{"href":"https:\/\/todoapulmon-rafaela.com\/index.php\/wp-json\/wp\/v2\/media?parent=13421"}],"wp:term":[{"taxonomy":"category","embeddable":true,"href":"https:\/\/todoapulmon-rafaela.com\/index.php\/wp-json\/wp\/v2\/categories?post=13421"},{"taxonomy":"post_tag","embeddable":true,"href":"https:\/\/todoapulmon-rafaela.com\/index.php\/wp-json\/wp\/v2\/tags?post=13421"}],"curies":[{"name":"wp","href":"https:\/\/api.w.org\/{rel}","templated":true}]}}