{"id":1338,"date":"2016-06-14T13:03:55","date_gmt":"2016-06-14T13:03:55","guid":{"rendered":"http:\/\/todoapulmon-rafaela.com\/?p=1338"},"modified":"2016-06-14T13:03:55","modified_gmt":"2016-06-14T13:03:55","slug":"dio-inicio-el-ciclo-de-charlas-rumbo-a-los-21k-2","status":"publish","type":"post","link":"https:\/\/todoapulmon-rafaela.com\/index.php\/2016\/06\/14\/dio-inicio-el-ciclo-de-charlas-rumbo-a-los-21k-2\/","title":{"rendered":"Dio inicio el ciclo de charlas rumbo a los 21k"},"content":{"rendered":"<p>La Municipalidad de Rafaela, a trav\u00e9s de la Subsecretar\u00eda de Deportes, comenz\u00f3 con las actividades previas a la 6\u00aa edici\u00f3n del Marat\u00f3n 21K Rafaela 2016, en homenaje al profesor Daniel \u00abTecla\u00bb Far\u00edas.<br \/>\nEn ese marco, el jueves a la noche se llev\u00f3 a cabo \u00abNutrici\u00f3n para tus 21K. De la teor\u00eda a la pr\u00e1ctica\u00bb, a cargo de la Licenciada en Nutrici\u00f3n Mar\u00eda Emilia Regu\u00e9, quien es docente de la Universidad Cat\u00f3lica de Santa Fe &#8211; Sede Rafaela, y se desempe\u00f1a en el Departamento de Seguridad Alimentaria del Municipio.<br \/>\nLa apertura estuvo a cargo del subsecretario de Deportes, Sebastian Ballina, quien resalt\u00f3 la importancia de la preparaci\u00f3n previa a la competencia y reiter\u00f3 su agradecimiento a los sponsors y a las organizaciones que \u00aba\u00f1o tras a\u00f1o nos acompa\u00f1an en este evento que hace trascender a la ciudad en marco nacional e internacional\u00bb.<br \/>\nLa actividad preparatoria continuar\u00e1 el mi\u00e9rcoles 29 se tratar\u00e1 el tema de \u00abSalud, motivaci\u00f3n y maratones\u00bb, charla que ser\u00e1 brindada por Horacio Alejandro Kapellu quien es abogado, ex docente universitario, conferencista y maratonista. La convocatoria es para las 20:30 en el Sal\u00f3n Verde de la Municipalidad de Rafaela, con entrada libre y gratuita.<br \/>\nEn julio, el mi\u00e9rcoles 13, se abordar\u00e1 la tem\u00e1tica sobre \u00abPrevenci\u00f3n de lesiones deportivas en corredores recreativos\u00bb. La misma estar\u00e1 guiada por Pablo All\u00edn quien es m\u00e9dico cirujano, especialista en ortopedia y traumatolog\u00eda, especialista en medicina del deporte, ex integrante del cuerpo m\u00e9dico del Club Atl\u00e9tico Independiente (CAI) de Avellaneda, cirujano artroscopista, auxiliar superior del servicio de traumatolog\u00eda del Hospital Churruca &#8211; Visca (Buenos Aires).<br \/>\nEn el mes de agosto, el mi\u00e9rcoles 3, \u00abHablemos de primeros auxilios\u00bb con Carlos Durando, quien es T\u00e9cnico en emergencias m\u00e9dicas, PHTLS (soporte de vida pre hospitalario en trauma), coordinador operativo de APRISA &#8211; EMA SALUD Rafaela.<br \/>\nEl mi\u00e9rcoles 31 de agosto, se trata \u00abActividad f\u00edsica saludable y evaluaci\u00f3n cardiocascular inicial\u00bb con Jorge Gustavo All\u00edn quien es m\u00e9dico cirujano especialista en cardiolog\u00eda, en angiolog\u00eda general y hemodinamia, residente del Hospital Brit\u00e1nico de Buenos Aires, Hospital Alem\u00e1n y Hospital Universitario de Bellvitge (Barcelona, Espa\u00f1a). (fuente prensa Municipalidad).<\/p>\n","protected":false},"excerpt":{"rendered":"<p>La Municipalidad de Rafaela, a trav\u00e9s de la Subsecretar\u00eda de Deportes, comenz\u00f3 con las actividades previas a la 6\u00aa edici\u00f3n<\/p>\n","protected":false},"author":2,"featured_media":1336,"comment_status":"open","ping_status":"open","sticky":false,"template":"","format":"standard","meta":{"footnotes":""},"categories":[1],"tags":[],"class_list":["post-1338","post","type-post","status-publish","format-standard","has-post-thumbnail","hentry","category-sin-categoria"],"cc_featured_image_caption":{"caption_text":"La primera charla fue sobre nutrici\u00f3n (foto prensa Municipalidad).","source_text":"","source_url":""},"_links":{"self":[{"href":"https:\/\/todoapulmon-rafaela.com\/index.php\/wp-json\/wp\/v2\/posts\/1338"}],"collection":[{"href":"https:\/\/todoapulmon-rafaela.com\/index.php\/wp-json\/wp\/v2\/posts"}],"about":[{"href":"https:\/\/todoapulmon-rafaela.com\/index.php\/wp-json\/wp\/v2\/types\/post"}],"author":[{"embeddable":true,"href":"https:\/\/todoapulmon-rafaela.com\/index.php\/wp-json\/wp\/v2\/users\/2"}],"replies":[{"embeddable":true,"href":"https:\/\/todoapulmon-rafaela.com\/index.php\/wp-json\/wp\/v2\/comments?post=1338"}],"version-history":[{"count":1,"href":"https:\/\/todoapulmon-rafaela.com\/index.php\/wp-json\/wp\/v2\/posts\/1338\/revisions"}],"predecessor-version":[{"id":1339,"href":"https:\/\/todoapulmon-rafaela.com\/index.php\/wp-json\/wp\/v2\/posts\/1338\/revisions\/1339"}],"wp:featuredmedia":[{"embeddable":true,"href":"https:\/\/todoapulmon-rafaela.com\/index.php\/wp-json\/wp\/v2\/media\/1336"}],"wp:attachment":[{"href":"https:\/\/todoapulmon-rafaela.com\/index.php\/wp-json\/wp\/v2\/media?parent=1338"}],"wp:term":[{"taxonomy":"category","embeddable":true,"href":"https:\/\/todoapulmon-rafaela.com\/index.php\/wp-json\/wp\/v2\/categories?post=1338"},{"taxonomy":"post_tag","embeddable":true,"href":"https:\/\/todoapulmon-rafaela.com\/index.php\/wp-json\/wp\/v2\/tags?post=1338"}],"curies":[{"name":"wp","href":"https:\/\/api.w.org\/{rel}","templated":true}]}}