{"id":13338,"date":"2018-06-28T11:21:54","date_gmt":"2018-06-28T11:21:54","guid":{"rendered":"http:\/\/todoapulmon-rafaela.com\/?p=13338"},"modified":"2018-06-28T11:23:28","modified_gmt":"2018-06-28T11:23:28","slug":"argentina-con-acuna-ante-panama-en-san-juan","status":"publish","type":"post","link":"https:\/\/todoapulmon-rafaela.com\/index.php\/2018\/06\/28\/argentina-con-acuna-ante-panama-en-san-juan\/","title":{"rendered":"Argentina, con Acu\u00f1a, ante Panam\u00e1 en San Juan"},"content":{"rendered":"<h5>En plena etapa de recambio, la selecci\u00f3n argentina de b\u00e1squet se juega este jueves un cruce importante por las eliminatorias para el Mundial que se jugar\u00e1 en China el pr\u00f3ximo a\u00f1o. A partir de las 21 horas recibir\u00e1 a Panam\u00e1 por la tercera y \u00faltima ventana de la primera fase. Esto ser\u00e1 en el estadio Aldo Cantoni de la ciudad de San Juan. Cablevisi\u00f3n lo emitir\u00e1 por Canal 8 y 600, y DirecTV por los 618 y 1618 (HD).<br \/>\nEl rafaelino Roberto Acu\u00f1a tendr\u00e1 su regreso en estos compromisos importantes para el equipo de Sergio Hern\u00e1ndez, luego de no haber estado en las anteriores convocatorias.<br \/>\nEl equipo que dirige Sergio Hern\u00e1ndez se ubica segundo en la tabla de posiciones del grupo A que lidera Uruguay con la misma cantidad de puntos, pero los charr\u00faas vencieron a la selecci\u00f3n en Olavarr\u00eda en febrero pasado, cuando se jug\u00f3 la segunda ventana.<\/h5>\n<h5>Por su parte, Argentina cruzar\u00e1 el charco el domingo para enfrentar a los uruguayos en busca de la victoria (deber\u00e1 ser por m\u00e1s de cinco puntos) que lo posibilite ubicarse primero, adem\u00e1s de tener mejor arrastre de puntos para la segunda fase de las eliminatorias y no tener problemas para clasificar al Mundial que se jugar\u00e1 en China el pr\u00f3ximo a\u00f1o.<\/h5>\n<h5>Argentina no contar\u00e1 para este duelo con Gabriel Deck, figura de la Liga Nacional por una contusi\u00f3n en su pierna derecha, y tampoco con Lucio Redivo quien sufri\u00f3 una lesi\u00f3n en el aductor mayor de la pierna derecha; en su lugar ingres\u00f3 Eric Flor, el escolta de Quilmes de Mar del Plata. Con esas dos bajas el plantel qued\u00f3 conformado por los siguientes 12 jugadores: Facundo Campazzo, Nicol\u00e1s Laprovittola, Luca Vildoza, Eric Flor, Nicol\u00e1s Brussino, M\u00e1ximo Fjellerup, Patricio Garino, Franco Giorgetti, Javier Saiz, Luis Scola, Roberto Acu\u00f1a y Marcos Del\u00eda.<\/h5>\n","protected":false},"excerpt":{"rendered":"<p>En plena etapa de recambio, la selecci\u00f3n argentina de b\u00e1squet se juega este jueves un cruce importante por las eliminatorias<\/p>\n","protected":false},"author":2,"featured_media":13339,"comment_status":"open","ping_status":"open","sticky":false,"template":"","format":"standard","meta":{"footnotes":""},"categories":[5,24],"tags":[],"class_list":["post-13338","post","type-post","status-publish","format-standard","has-post-thumbnail","hentry","category-basquet","category-noticias-destacadas"],"cc_featured_image_caption":{"caption_text":"","source_text":"","source_url":""},"_links":{"self":[{"href":"https:\/\/todoapulmon-rafaela.com\/index.php\/wp-json\/wp\/v2\/posts\/13338"}],"collection":[{"href":"https:\/\/todoapulmon-rafaela.com\/index.php\/wp-json\/wp\/v2\/posts"}],"about":[{"href":"https:\/\/todoapulmon-rafaela.com\/index.php\/wp-json\/wp\/v2\/types\/post"}],"author":[{"embeddable":true,"href":"https:\/\/todoapulmon-rafaela.com\/index.php\/wp-json\/wp\/v2\/users\/2"}],"replies":[{"embeddable":true,"href":"https:\/\/todoapulmon-rafaela.com\/index.php\/wp-json\/wp\/v2\/comments?post=13338"}],"version-history":[{"count":3,"href":"https:\/\/todoapulmon-rafaela.com\/index.php\/wp-json\/wp\/v2\/posts\/13338\/revisions"}],"predecessor-version":[{"id":13342,"href":"https:\/\/todoapulmon-rafaela.com\/index.php\/wp-json\/wp\/v2\/posts\/13338\/revisions\/13342"}],"wp:featuredmedia":[{"embeddable":true,"href":"https:\/\/todoapulmon-rafaela.com\/index.php\/wp-json\/wp\/v2\/media\/13339"}],"wp:attachment":[{"href":"https:\/\/todoapulmon-rafaela.com\/index.php\/wp-json\/wp\/v2\/media?parent=13338"}],"wp:term":[{"taxonomy":"category","embeddable":true,"href":"https:\/\/todoapulmon-rafaela.com\/index.php\/wp-json\/wp\/v2\/categories?post=13338"},{"taxonomy":"post_tag","embeddable":true,"href":"https:\/\/todoapulmon-rafaela.com\/index.php\/wp-json\/wp\/v2\/tags?post=13338"}],"curies":[{"name":"wp","href":"https:\/\/api.w.org\/{rel}","templated":true}]}}