{"id":13323,"date":"2018-06-26T13:23:33","date_gmt":"2018-06-26T13:23:33","guid":{"rendered":"http:\/\/todoapulmon-rafaela.com\/?p=13323"},"modified":"2018-06-26T13:26:23","modified_gmt":"2018-06-26T13:26:23","slug":"acuna-entre-los-convocados-de-rafaela-para-el-provincial","status":"publish","type":"post","link":"https:\/\/todoapulmon-rafaela.com\/index.php\/2018\/06\/26\/acuna-entre-los-convocados-de-rafaela-para-el-provincial\/","title":{"rendered":"Acu\u00f1a, entre los convocados de Rafaela para el Provincial"},"content":{"rendered":"<p>Rafaela quiere volver a un protagonismo importante en el Provincial de Mayores y mucho m\u00e1s jugando en casa. Del 13 al 15 de julio se disputar\u00e1 el torneo en nuestra ciudad ya que la organizaci\u00f3n ser\u00e1 de la Asociaci\u00f3n Rafaelina de B\u00e1squetbol, con motivo del 80\u00ba aniversario de su fundaci\u00f3n.<\/p>\n<p>Con la grata noticia de la presencia de Roberto Acu\u00f1a entre los convocados, el entrenador Marcelo Miretti dio a conocer los nombres que trabajar\u00e1n para intentar repetir el t\u00edtulo de 2011 cuando fue la anterior edici\u00f3n realizada en el Coliseo del Sur. El Toro estar\u00e1 jugando el jueves 28 ante Panam\u00e1 en San Juan y el 1 de julio en Montevideo frente a Uruguay con la selecci\u00f3n argentina por las eliminatorias mundialistas.<\/p>\n<p>Este es el listado informado por la Asociaci\u00f3n Rafaelina:<\/p>\n<p>Augusto Alonso (Libertad)<br \/>\nManuel Alonso (Libertad)<br \/>\nAdriano Maretto (Libertad)<br \/>\nTadeo Mire (Atl\u00e9tico)<br \/>\nSantiago Caligaris (Independiente)<br \/>\nFacundo Chiabotto (9 de Julio)<br \/>\nJoaqu\u00edn Giordana (Ben Hur)<br \/>\nRodrigo Acu\u00f1a (Regatas Uruguay)<br \/>\nRoberto Acu\u00f1a (Quimsa de Santiago del Estero)<br \/>\nGuillermo Saavedra (Villa San Mart\u00edn de Resistencia)<br \/>\nIgnacio Cuassolo (Libertad)<br \/>\nJonatan Faber (Atl\u00e9tico).<\/p>\n<p><strong>Entrenador<\/strong>: Marcelo Miretti.<\/p>\n<p><strong>Asistente:<\/strong>\u00a0Gerardo Velazco.<\/p>\n<p><strong>Preparadores F\u00edsicos:<\/strong>\u00a0Federico Ruatta y Diego Romera.<\/p>\n<p>Este mi\u00e9rcoles 27 a las 21 hs se desarrollar\u00e1 el primer entrenamiento.<\/p>\n<p>&nbsp;<\/p>\n","protected":false},"excerpt":{"rendered":"<p>Rafaela quiere volver a un protagonismo importante en el Provincial de Mayores y mucho m\u00e1s jugando en casa. Del 13<\/p>\n","protected":false},"author":2,"featured_media":13324,"comment_status":"open","ping_status":"open","sticky":false,"template":"","format":"standard","meta":{"footnotes":""},"categories":[5,24],"tags":[],"class_list":["post-13323","post","type-post","status-publish","format-standard","has-post-thumbnail","hentry","category-basquet","category-noticias-destacadas"],"cc_featured_image_caption":{"caption_text":"Roberto Acu\u00f1a, sin dudas un lujo para el torneo.","source_text":"","source_url":""},"_links":{"self":[{"href":"https:\/\/todoapulmon-rafaela.com\/index.php\/wp-json\/wp\/v2\/posts\/13323"}],"collection":[{"href":"https:\/\/todoapulmon-rafaela.com\/index.php\/wp-json\/wp\/v2\/posts"}],"about":[{"href":"https:\/\/todoapulmon-rafaela.com\/index.php\/wp-json\/wp\/v2\/types\/post"}],"author":[{"embeddable":true,"href":"https:\/\/todoapulmon-rafaela.com\/index.php\/wp-json\/wp\/v2\/users\/2"}],"replies":[{"embeddable":true,"href":"https:\/\/todoapulmon-rafaela.com\/index.php\/wp-json\/wp\/v2\/comments?post=13323"}],"version-history":[{"count":3,"href":"https:\/\/todoapulmon-rafaela.com\/index.php\/wp-json\/wp\/v2\/posts\/13323\/revisions"}],"predecessor-version":[{"id":13327,"href":"https:\/\/todoapulmon-rafaela.com\/index.php\/wp-json\/wp\/v2\/posts\/13323\/revisions\/13327"}],"wp:featuredmedia":[{"embeddable":true,"href":"https:\/\/todoapulmon-rafaela.com\/index.php\/wp-json\/wp\/v2\/media\/13324"}],"wp:attachment":[{"href":"https:\/\/todoapulmon-rafaela.com\/index.php\/wp-json\/wp\/v2\/media?parent=13323"}],"wp:term":[{"taxonomy":"category","embeddable":true,"href":"https:\/\/todoapulmon-rafaela.com\/index.php\/wp-json\/wp\/v2\/categories?post=13323"},{"taxonomy":"post_tag","embeddable":true,"href":"https:\/\/todoapulmon-rafaela.com\/index.php\/wp-json\/wp\/v2\/tags?post=13323"}],"curies":[{"name":"wp","href":"https:\/\/api.w.org\/{rel}","templated":true}]}}