{"id":13153,"date":"2018-06-16T21:28:09","date_gmt":"2018-06-16T21:28:09","guid":{"rendered":"http:\/\/todoapulmon-rafaela.com\/?p=13153"},"modified":"2018-06-16T21:28:09","modified_gmt":"2018-06-16T21:28:09","slug":"crar-goleo-en-el-duelo-de-punteros-2","status":"publish","type":"post","link":"https:\/\/todoapulmon-rafaela.com\/index.php\/2018\/06\/16\/crar-goleo-en-el-duelo-de-punteros-2\/","title":{"rendered":"CRAR gole\u00f3 en el duelo de punteros"},"content":{"rendered":"<p>En uno de los partidos correspondientes a la 11\u00aa fecha del torneo Dos Orillas, Zona Est\u00edmulo, CRAR venci\u00f3 este s\u00e1bado a Universitario de Santa Fe por 4 a 0, y dio un paso trascendente en su objetivo de quedarse con el campeonato. Los goles fueron convertidos por Catalina Medr\u00e1n, Guillermina Baldesarre, Abril Beltramino y Magal\u00ed Allassia.<\/p>\n<p>De esta manera, el equipo Verde le sac\u00f3 tres puntos de ventaja a su rival (que era tambi\u00e9n l\u00edder antes de esta fecha, al igual que El Quill\u00e1 B), y ahora es el \u00fanico con puntaje ideal en la categor\u00eda principal. Recordemos que el mi\u00e9rcoles visitar\u00e1 a Paracao y el s\u00e1bado recibir\u00e1 a El Quill\u00e1 B, en los dos partidos pendientes del certamen.<\/p>\n<p>En Reserva tambi\u00e9n fue victoria de CRAR, por 1 a 0, con gol de Magal\u00ed Allassia, categor\u00eda en la cual el elenco rafaelino tambi\u00e9n est\u00e1 invicto y con posibilidades de quedarse con el primer lugar.<\/p>\n","protected":false},"excerpt":{"rendered":"<p>En uno de los partidos correspondientes a la 11\u00aa fecha del torneo Dos Orillas, Zona Est\u00edmulo, CRAR venci\u00f3 este s\u00e1bado<\/p>\n","protected":false},"author":2,"featured_media":13154,"comment_status":"open","ping_status":"open","sticky":false,"template":"","format":"standard","meta":{"footnotes":""},"categories":[3,24],"tags":[],"class_list":["post-13153","post","type-post","status-publish","format-standard","has-post-thumbnail","hentry","category-hockey","category-noticias-destacadas"],"cc_featured_image_caption":{"caption_text":"El festejo del primer gol del equipo rafaelino, convertido por Catalina Medr\u00e1n.","source_text":"","source_url":""},"_links":{"self":[{"href":"https:\/\/todoapulmon-rafaela.com\/index.php\/wp-json\/wp\/v2\/posts\/13153"}],"collection":[{"href":"https:\/\/todoapulmon-rafaela.com\/index.php\/wp-json\/wp\/v2\/posts"}],"about":[{"href":"https:\/\/todoapulmon-rafaela.com\/index.php\/wp-json\/wp\/v2\/types\/post"}],"author":[{"embeddable":true,"href":"https:\/\/todoapulmon-rafaela.com\/index.php\/wp-json\/wp\/v2\/users\/2"}],"replies":[{"embeddable":true,"href":"https:\/\/todoapulmon-rafaela.com\/index.php\/wp-json\/wp\/v2\/comments?post=13153"}],"version-history":[{"count":1,"href":"https:\/\/todoapulmon-rafaela.com\/index.php\/wp-json\/wp\/v2\/posts\/13153\/revisions"}],"predecessor-version":[{"id":13155,"href":"https:\/\/todoapulmon-rafaela.com\/index.php\/wp-json\/wp\/v2\/posts\/13153\/revisions\/13155"}],"wp:featuredmedia":[{"embeddable":true,"href":"https:\/\/todoapulmon-rafaela.com\/index.php\/wp-json\/wp\/v2\/media\/13154"}],"wp:attachment":[{"href":"https:\/\/todoapulmon-rafaela.com\/index.php\/wp-json\/wp\/v2\/media?parent=13153"}],"wp:term":[{"taxonomy":"category","embeddable":true,"href":"https:\/\/todoapulmon-rafaela.com\/index.php\/wp-json\/wp\/v2\/categories?post=13153"},{"taxonomy":"post_tag","embeddable":true,"href":"https:\/\/todoapulmon-rafaela.com\/index.php\/wp-json\/wp\/v2\/tags?post=13153"}],"curies":[{"name":"wp","href":"https:\/\/api.w.org\/{rel}","templated":true}]}}