{"id":13133,"date":"2018-06-13T11:36:04","date_gmt":"2018-06-13T11:36:04","guid":{"rendered":"http:\/\/todoapulmon-rafaela.com\/?p=13133"},"modified":"2018-06-13T11:36:04","modified_gmt":"2018-06-13T11:36:04","slug":"todo-listo-para-el-regional-del-jockey-club","status":"publish","type":"post","link":"https:\/\/todoapulmon-rafaela.com\/index.php\/2018\/06\/13\/todo-listo-para-el-regional-del-jockey-club\/","title":{"rendered":"Todo listo para el Regional del Jockey Club"},"content":{"rendered":"<p>Este s\u00e1bado y domingo el torneo Regional de Saltos H\u00edpicos, organizado por el Jockey Club de Rafaela, ser\u00e1 uno de los eventos importantes a nivel deportivo del fin de semana en nuestra ciudad. Estar\u00e1n presentes m\u00e1s de cien binomios de distintas provincias para competir en uno de los torneos tradicionales del interior del pa\u00eds.<\/p>\n<p>Las pruebas se realizar\u00e1n desde 0.50 cm. hasta 1m30, con el epicentro el domingo en la competencia central a 1m30\/35, en la cual se esperan aproximadamente doce protagonistas de primera y segunda categor\u00eda. El representante local ser\u00e1 Sebasti\u00e1n Perotti.<\/p>\n<p>Cabe mencionar que el s\u00e1bado, cuando se dispute el partido de Argentina frente a Islandia por el Mundial de F\u00fatbol Rusia 2018, se ha previsto colocar dos televisores en el Club para poder observar el mismo.<\/p>\n<p>La entrada para el torneo, clasificatorio para el Federal, ser\u00e1 libre y gratuita, invit\u00e1ndose al p\u00fablico en general a asistir. Se han realizado importantes obras en el predio para acondicionarlo de la mejor manera y recibir a las delegaciones.<\/p>\n","protected":false},"excerpt":{"rendered":"<p>Este s\u00e1bado y domingo el torneo Regional de Saltos H\u00edpicos, organizado por el Jockey Club de Rafaela, ser\u00e1 uno de<\/p>\n","protected":false},"author":2,"featured_media":13135,"comment_status":"open","ping_status":"open","sticky":false,"template":"","format":"standard","meta":{"footnotes":""},"categories":[24,15],"tags":[],"class_list":["post-13133","post","type-post","status-publish","format-standard","has-post-thumbnail","hentry","category-noticias-destacadas","category-saltos-hipicos"],"cc_featured_image_caption":{"caption_text":"Sebasti\u00e1n Perotti y V\u00edctor Rico nos visitaron en Todo a Pulm\u00f3n radio.","source_text":"","source_url":""},"_links":{"self":[{"href":"https:\/\/todoapulmon-rafaela.com\/index.php\/wp-json\/wp\/v2\/posts\/13133"}],"collection":[{"href":"https:\/\/todoapulmon-rafaela.com\/index.php\/wp-json\/wp\/v2\/posts"}],"about":[{"href":"https:\/\/todoapulmon-rafaela.com\/index.php\/wp-json\/wp\/v2\/types\/post"}],"author":[{"embeddable":true,"href":"https:\/\/todoapulmon-rafaela.com\/index.php\/wp-json\/wp\/v2\/users\/2"}],"replies":[{"embeddable":true,"href":"https:\/\/todoapulmon-rafaela.com\/index.php\/wp-json\/wp\/v2\/comments?post=13133"}],"version-history":[{"count":1,"href":"https:\/\/todoapulmon-rafaela.com\/index.php\/wp-json\/wp\/v2\/posts\/13133\/revisions"}],"predecessor-version":[{"id":13136,"href":"https:\/\/todoapulmon-rafaela.com\/index.php\/wp-json\/wp\/v2\/posts\/13133\/revisions\/13136"}],"wp:featuredmedia":[{"embeddable":true,"href":"https:\/\/todoapulmon-rafaela.com\/index.php\/wp-json\/wp\/v2\/media\/13135"}],"wp:attachment":[{"href":"https:\/\/todoapulmon-rafaela.com\/index.php\/wp-json\/wp\/v2\/media?parent=13133"}],"wp:term":[{"taxonomy":"category","embeddable":true,"href":"https:\/\/todoapulmon-rafaela.com\/index.php\/wp-json\/wp\/v2\/categories?post=13133"},{"taxonomy":"post_tag","embeddable":true,"href":"https:\/\/todoapulmon-rafaela.com\/index.php\/wp-json\/wp\/v2\/tags?post=13133"}],"curies":[{"name":"wp","href":"https:\/\/api.w.org\/{rel}","templated":true}]}}