{"id":13079,"date":"2018-06-11T10:03:23","date_gmt":"2018-06-11T10:03:23","guid":{"rendered":"http:\/\/todoapulmon-rafaela.com\/?p=13079"},"modified":"2018-06-11T10:03:23","modified_gmt":"2018-06-11T10:03:23","slug":"la-rafaelina-fue-segunda-y-tercera-en-el-provincial-sub-15","status":"publish","type":"post","link":"https:\/\/todoapulmon-rafaela.com\/index.php\/2018\/06\/11\/la-rafaelina-fue-segunda-y-tercera-en-el-provincial-sub-15\/","title":{"rendered":"La Rafaelina fue segunda y tercera en el Provincial Sub 15"},"content":{"rendered":"<p>Este domingo finaliz\u00f3 en nuestra ciudad el campeonato Provincial Sub 15 de bochas, organizado por la Asociaci\u00f3n Regional Rafaelina y fiscalizado por la Federaci\u00f3n de Bochas de Santa Fe.<\/p>\n<p>Fue campe\u00f3n el representativo de la Asociaci\u00f3n Suardense, segundo Rafaelina A (Paula y Mateo Ortiz, Santiago Rold\u00e1n y Lautaro Sosa, con la direcci\u00f3n t\u00e9cnica de H\u00e9ctor Rold\u00e1n), tercero Rafaelina B (Enzo L\u00f3pez, Lautaro Su\u00e1rez, Nahuel Cejas y Benjam\u00edn Bracaccini, con la direcci\u00f3n t\u00e9cnica de Edgardo Barbieri) y cuarto Departamento San Mart\u00edn.<\/p>\n<p>Participaron 16 Asociaciones de nuestra provincia y el campe\u00f3n clasific\u00f3 para el Campeonato Argentino a jugarse en C\u00f3rdoba (Asoc. Calamuchita). Adem\u00e1s, la Federaci\u00f3n de Santa Fe armar\u00e1 un seleccionado con el resto de los finalistas. Cabe mencionar que en semifinales se enfrentaron los dos equipos de la Rafaelina y se utilizaron distintas canchas de la ARRB.<\/p>\n<figure id=\"attachment_13082\" aria-describedby=\"caption-attachment-13082\" style=\"width: 300px\" class=\"wp-caption alignnone\"><img loading=\"lazy\" decoding=\"async\" class=\"size-medium wp-image-13082\" src=\"http:\/\/todoapulmon-rafaela.com\/wp-content\/uploads\/2018\/06\/IMG-20180610-WA0004-300x199.jpg\" alt=\"La Rafaelina A\" width=\"300\" height=\"199\" srcset=\"https:\/\/todoapulmon-rafaela.com\/wp-content\/uploads\/2018\/06\/IMG-20180610-WA0004-300x199.jpg 300w, https:\/\/todoapulmon-rafaela.com\/wp-content\/uploads\/2018\/06\/IMG-20180610-WA0004-768x509.jpg 768w, https:\/\/todoapulmon-rafaela.com\/wp-content\/uploads\/2018\/06\/IMG-20180610-WA0004.jpg 774w\" sizes=\"(max-width: 300px) 100vw, 300px\" \/><figcaption id=\"caption-attachment-13082\" class=\"wp-caption-text\">La Rafaelina A<\/figcaption><\/figure>\n<figure id=\"attachment_13083\" aria-describedby=\"caption-attachment-13083\" style=\"width: 300px\" class=\"wp-caption alignnone\"><img loading=\"lazy\" decoding=\"async\" class=\"size-medium wp-image-13083\" src=\"http:\/\/todoapulmon-rafaela.com\/wp-content\/uploads\/2018\/06\/IMG-20180610-WA0007-300x214.jpg\" alt=\"La Rafaelina B\" width=\"300\" height=\"214\" srcset=\"https:\/\/todoapulmon-rafaela.com\/wp-content\/uploads\/2018\/06\/IMG-20180610-WA0007-300x214.jpg 300w, https:\/\/todoapulmon-rafaela.com\/wp-content\/uploads\/2018\/06\/IMG-20180610-WA0007-768x548.jpg 768w, https:\/\/todoapulmon-rafaela.com\/wp-content\/uploads\/2018\/06\/IMG-20180610-WA0007.jpg 774w\" sizes=\"(max-width: 300px) 100vw, 300px\" \/><figcaption id=\"caption-attachment-13083\" class=\"wp-caption-text\">La Rafaelina B<\/figcaption><\/figure>\n","protected":false},"excerpt":{"rendered":"<p>Este domingo finaliz\u00f3 en nuestra ciudad el campeonato Provincial Sub 15 de bochas, organizado por la Asociaci\u00f3n Regional Rafaelina y<\/p>\n","protected":false},"author":2,"featured_media":13081,"comment_status":"open","ping_status":"open","sticky":false,"template":"","format":"standard","meta":{"footnotes":""},"categories":[27,24],"tags":[],"class_list":["post-13079","post","type-post","status-publish","format-standard","has-post-thumbnail","hentry","category-bochas","category-noticias-destacadas"],"cc_featured_image_caption":{"caption_text":"Los equipos protagonistas de las instancias finales con sus trofeos. (Foto ARRB).","source_text":"","source_url":""},"_links":{"self":[{"href":"https:\/\/todoapulmon-rafaela.com\/index.php\/wp-json\/wp\/v2\/posts\/13079"}],"collection":[{"href":"https:\/\/todoapulmon-rafaela.com\/index.php\/wp-json\/wp\/v2\/posts"}],"about":[{"href":"https:\/\/todoapulmon-rafaela.com\/index.php\/wp-json\/wp\/v2\/types\/post"}],"author":[{"embeddable":true,"href":"https:\/\/todoapulmon-rafaela.com\/index.php\/wp-json\/wp\/v2\/users\/2"}],"replies":[{"embeddable":true,"href":"https:\/\/todoapulmon-rafaela.com\/index.php\/wp-json\/wp\/v2\/comments?post=13079"}],"version-history":[{"count":2,"href":"https:\/\/todoapulmon-rafaela.com\/index.php\/wp-json\/wp\/v2\/posts\/13079\/revisions"}],"predecessor-version":[{"id":13084,"href":"https:\/\/todoapulmon-rafaela.com\/index.php\/wp-json\/wp\/v2\/posts\/13079\/revisions\/13084"}],"wp:featuredmedia":[{"embeddable":true,"href":"https:\/\/todoapulmon-rafaela.com\/index.php\/wp-json\/wp\/v2\/media\/13081"}],"wp:attachment":[{"href":"https:\/\/todoapulmon-rafaela.com\/index.php\/wp-json\/wp\/v2\/media?parent=13079"}],"wp:term":[{"taxonomy":"category","embeddable":true,"href":"https:\/\/todoapulmon-rafaela.com\/index.php\/wp-json\/wp\/v2\/categories?post=13079"},{"taxonomy":"post_tag","embeddable":true,"href":"https:\/\/todoapulmon-rafaela.com\/index.php\/wp-json\/wp\/v2\/tags?post=13079"}],"curies":[{"name":"wp","href":"https:\/\/api.w.org\/{rel}","templated":true}]}}