{"id":1303,"date":"2016-06-12T14:35:37","date_gmt":"2016-06-12T14:35:37","guid":{"rendered":"http:\/\/todoapulmon-rafaela.com\/?p=1303"},"modified":"2016-06-12T14:35:37","modified_gmt":"2016-06-12T14:35:37","slug":"beltramo-fue-segundo-en-tucuman-2","status":"publish","type":"post","link":"https:\/\/todoapulmon-rafaela.com\/index.php\/2016\/06\/12\/beltramo-fue-segundo-en-tucuman-2\/","title":{"rendered":"Beltramo fue segundo en Tucum\u00e1n"},"content":{"rendered":"<p>En Yerba Buena, Tucum\u00e1n, se desarroll\u00f3 ayer\u00a0la prueba de Trail Running por el calendario \u00abSalom\u00f3n Series\u00bb, de 14 y 21 kil\u00f3metros.<br \/>\nEn esta competencia se dieron cita los rafaelinos Claudio Beltramo y Sergio Parisi con destacadas performances. Beltramo fue segundo en la clasificaci\u00f3n general de la distancia menor (aunque en realidad eran 15 km) con 1h30 minutos. Por su parte, Parisi fue tercero en su categor\u00eda.<br \/>\nLa competencia convoc\u00f3 a 250 atletas de todo el pa\u00eds y a algunos del exterior, ya que hab\u00eda presencias de Alemania.<\/p>\n<p><img loading=\"lazy\" decoding=\"async\" class=\"alignnone size-medium wp-image-1296\" src=\"http:\/\/todoapulmon-rafaela.com\/wp-content\/uploads\/2016\/06\/IMG-201606-300x243.jpg\" alt=\"IMG-201606\" width=\"300\" height=\"243\" srcset=\"https:\/\/todoapulmon-rafaela.com\/wp-content\/uploads\/2016\/06\/IMG-201606-300x243.jpg 300w, https:\/\/todoapulmon-rafaela.com\/wp-content\/uploads\/2016\/06\/IMG-201606.jpg 728w\" sizes=\"(max-width: 300px) 100vw, 300px\" \/><\/p>\n","protected":false},"excerpt":{"rendered":"<p>En Yerba Buena, Tucum\u00e1n, se desarroll\u00f3 ayer\u00a0la prueba de Trail Running por el calendario \u00abSalom\u00f3n Series\u00bb, de 14 y 21<\/p>\n","protected":false},"author":2,"featured_media":1295,"comment_status":"open","ping_status":"open","sticky":false,"template":"","format":"standard","meta":{"footnotes":""},"categories":[7],"tags":[],"class_list":["post-1303","post","type-post","status-publish","format-standard","has-post-thumbnail","hentry","category-atletismo"],"cc_featured_image_caption":{"caption_text":"El podio de los 15 kil\u00f3metros en la Salom\u00f3n Series.","source_text":"","source_url":""},"_links":{"self":[{"href":"https:\/\/todoapulmon-rafaela.com\/index.php\/wp-json\/wp\/v2\/posts\/1303"}],"collection":[{"href":"https:\/\/todoapulmon-rafaela.com\/index.php\/wp-json\/wp\/v2\/posts"}],"about":[{"href":"https:\/\/todoapulmon-rafaela.com\/index.php\/wp-json\/wp\/v2\/types\/post"}],"author":[{"embeddable":true,"href":"https:\/\/todoapulmon-rafaela.com\/index.php\/wp-json\/wp\/v2\/users\/2"}],"replies":[{"embeddable":true,"href":"https:\/\/todoapulmon-rafaela.com\/index.php\/wp-json\/wp\/v2\/comments?post=1303"}],"version-history":[{"count":1,"href":"https:\/\/todoapulmon-rafaela.com\/index.php\/wp-json\/wp\/v2\/posts\/1303\/revisions"}],"predecessor-version":[{"id":1304,"href":"https:\/\/todoapulmon-rafaela.com\/index.php\/wp-json\/wp\/v2\/posts\/1303\/revisions\/1304"}],"wp:featuredmedia":[{"embeddable":true,"href":"https:\/\/todoapulmon-rafaela.com\/index.php\/wp-json\/wp\/v2\/media\/1295"}],"wp:attachment":[{"href":"https:\/\/todoapulmon-rafaela.com\/index.php\/wp-json\/wp\/v2\/media?parent=1303"}],"wp:term":[{"taxonomy":"category","embeddable":true,"href":"https:\/\/todoapulmon-rafaela.com\/index.php\/wp-json\/wp\/v2\/categories?post=1303"},{"taxonomy":"post_tag","embeddable":true,"href":"https:\/\/todoapulmon-rafaela.com\/index.php\/wp-json\/wp\/v2\/tags?post=1303"}],"curies":[{"name":"wp","href":"https:\/\/api.w.org\/{rel}","templated":true}]}}