{"id":12928,"date":"2018-06-01T03:10:03","date_gmt":"2018-06-01T03:10:03","guid":{"rendered":"http:\/\/todoapulmon-rafaela.com\/?p=12928"},"modified":"2018-06-01T03:10:03","modified_gmt":"2018-06-01T03:10:03","slug":"abril-beltramino-hizo-un-gol-en-el-primer-dia-del-argentino","status":"publish","type":"post","link":"https:\/\/todoapulmon-rafaela.com\/index.php\/2018\/06\/01\/abril-beltramino-hizo-un-gol-en-el-primer-dia-del-argentino\/","title":{"rendered":"Abril Beltramino hizo un gol en el primer d\u00eda del Argentino"},"content":{"rendered":"<p>Este jueves se desarroll\u00f3 la primera jornada del Campeonato Nacional Sub 18 Ascenso, en la ciudad de Santa Fe. En el marco del nivel A, el seleccionado de la Asociaci\u00f3n Santafesina disput\u00f3 dos encuentros, igualando 0 a 0 por la ma\u00f1ana con Tandil y por la noche 2 a 2 con Chaco, en el cual anot\u00f3 el segundo tanto la rafaelina Abril Beltramino.<\/p>\n<p>Este viernes ir\u00e1 por la clasificaci\u00f3n ante Litoral, ya clasificado, a las 13.30.<\/p>\n<p>En cuanto al Ascenso B, el seleccionado de la Federaci\u00f3n del Oeste Santafesino perdi\u00f3 5 a 0 frente a R\u00edo Negro. Este viernes jugar\u00e1 con Oeste de Buenos Aires a las 10 y con Santiago del Estero a las 16.20.<\/p>\n<p>Este es el video del gol de Abril Beltramino:<\/p>\n<div style=\"width: 640px;\" class=\"wp-video\"><!--[if lt IE 9]><script>document.createElement('video');<\/script><![endif]-->\n<video class=\"wp-video-shortcode\" id=\"video-12928-1\" width=\"640\" height=\"352\" preload=\"metadata\" controls=\"controls\"><source type=\"video\/mp4\" src=\"http:\/\/todoapulmon-rafaela.com\/wp-content\/uploads\/2018\/06\/VID-20180531-WA00071.mp4?_=1\" \/><a href=\"http:\/\/todoapulmon-rafaela.com\/wp-content\/uploads\/2018\/06\/VID-20180531-WA00071.mp4\">http:\/\/todoapulmon-rafaela.com\/wp-content\/uploads\/2018\/06\/VID-20180531-WA00071.mp4<\/a><\/video><\/div>\n","protected":false},"excerpt":{"rendered":"<p>Este jueves se desarroll\u00f3 la primera jornada del Campeonato Nacional Sub 18 Ascenso, en la ciudad de Santa Fe. En<\/p>\n","protected":false},"author":2,"featured_media":12929,"comment_status":"open","ping_status":"open","sticky":false,"template":"","format":"standard","meta":{"footnotes":""},"categories":[3,24],"tags":[],"class_list":["post-12928","post","type-post","status-publish","format-standard","has-post-thumbnail","hentry","category-hockey","category-noticias-destacadas"],"cc_featured_image_caption":{"caption_text":"El equipo de la ASH tendr\u00e1 que ganarle a Litoral para asegurar la clasificaci\u00f3n (foto Asociaci\u00f3n Santafesina).","source_text":"","source_url":""},"_links":{"self":[{"href":"https:\/\/todoapulmon-rafaela.com\/index.php\/wp-json\/wp\/v2\/posts\/12928"}],"collection":[{"href":"https:\/\/todoapulmon-rafaela.com\/index.php\/wp-json\/wp\/v2\/posts"}],"about":[{"href":"https:\/\/todoapulmon-rafaela.com\/index.php\/wp-json\/wp\/v2\/types\/post"}],"author":[{"embeddable":true,"href":"https:\/\/todoapulmon-rafaela.com\/index.php\/wp-json\/wp\/v2\/users\/2"}],"replies":[{"embeddable":true,"href":"https:\/\/todoapulmon-rafaela.com\/index.php\/wp-json\/wp\/v2\/comments?post=12928"}],"version-history":[{"count":1,"href":"https:\/\/todoapulmon-rafaela.com\/index.php\/wp-json\/wp\/v2\/posts\/12928\/revisions"}],"predecessor-version":[{"id":12931,"href":"https:\/\/todoapulmon-rafaela.com\/index.php\/wp-json\/wp\/v2\/posts\/12928\/revisions\/12931"}],"wp:featuredmedia":[{"embeddable":true,"href":"https:\/\/todoapulmon-rafaela.com\/index.php\/wp-json\/wp\/v2\/media\/12929"}],"wp:attachment":[{"href":"https:\/\/todoapulmon-rafaela.com\/index.php\/wp-json\/wp\/v2\/media?parent=12928"}],"wp:term":[{"taxonomy":"category","embeddable":true,"href":"https:\/\/todoapulmon-rafaela.com\/index.php\/wp-json\/wp\/v2\/categories?post=12928"},{"taxonomy":"post_tag","embeddable":true,"href":"https:\/\/todoapulmon-rafaela.com\/index.php\/wp-json\/wp\/v2\/tags?post=12928"}],"curies":[{"name":"wp","href":"https:\/\/api.w.org\/{rel}","templated":true}]}}