{"id":12885,"date":"2018-05-29T02:23:56","date_gmt":"2018-05-29T02:23:56","guid":{"rendered":"http:\/\/todoapulmon-rafaela.com\/?p=12885"},"modified":"2018-05-29T02:23:56","modified_gmt":"2018-05-29T02:23:56","slug":"beltramo-gano-su-categoria-en-la-desert-trail","status":"publish","type":"post","link":"https:\/\/todoapulmon-rafaela.com\/index.php\/2018\/05\/29\/beltramo-gano-su-categoria-en-la-desert-trail\/","title":{"rendered":"Beltramo gan\u00f3 su categor\u00eda en la Desert Trail"},"content":{"rendered":"<p>El rafaelino Claudio Beltramo tuvo un gran desempe\u00f1o este fin de semana en la competencia Desert Trail, que se llev\u00f3 a cabo en la des\u00e9rtica zona de Fiambal\u00e1, en Catamarca.<\/p>\n<p>El representante del Team Impacto Running fue sexto en la general masculina y ganador en la categor\u00eda de 30 a 39 a\u00f1os con un tiempo de 3h50m52s, en los 30 km. En la exigente competencia, toda sobre arena, Beltramo tuvo algunos contratiempos debido al intenso calor (36 grados) y lo complicado del terreno que fue una experiencia nueva en lo personal, pero igualmente pudo mantener un buen ritmo para imponerse en su categor\u00eda y estar en el top ten de la general, representando nuevamente de muy buena manera al Trail de Rafaela.<\/p>\n<p>Participaron alrededor de 500 atletas entre todas las distancias, y en particular sobre 30 km. intervinieron 200.<\/p>\n<p>Tambi\u00e9n, del mismo grupo, compiti\u00f3 sobre 15km Fernando \u00abChino\u00bb Gonz\u00e1lez con un tiempo de 2h30m.<\/p>\n","protected":false},"excerpt":{"rendered":"<p>El rafaelino Claudio Beltramo tuvo un gran desempe\u00f1o este fin de semana en la competencia Desert Trail, que se llev\u00f3<\/p>\n","protected":false},"author":2,"featured_media":12886,"comment_status":"open","ping_status":"open","sticky":false,"template":"","format":"standard","meta":{"footnotes":""},"categories":[7,24],"tags":[],"class_list":["post-12885","post","type-post","status-publish","format-standard","has-post-thumbnail","hentry","category-atletismo","category-noticias-destacadas"],"cc_featured_image_caption":{"caption_text":"Gonz\u00e1lez y Beltramo en Fiambal\u00e1, donde compitieron el fin de semana.","source_text":"","source_url":""},"_links":{"self":[{"href":"https:\/\/todoapulmon-rafaela.com\/index.php\/wp-json\/wp\/v2\/posts\/12885"}],"collection":[{"href":"https:\/\/todoapulmon-rafaela.com\/index.php\/wp-json\/wp\/v2\/posts"}],"about":[{"href":"https:\/\/todoapulmon-rafaela.com\/index.php\/wp-json\/wp\/v2\/types\/post"}],"author":[{"embeddable":true,"href":"https:\/\/todoapulmon-rafaela.com\/index.php\/wp-json\/wp\/v2\/users\/2"}],"replies":[{"embeddable":true,"href":"https:\/\/todoapulmon-rafaela.com\/index.php\/wp-json\/wp\/v2\/comments?post=12885"}],"version-history":[{"count":1,"href":"https:\/\/todoapulmon-rafaela.com\/index.php\/wp-json\/wp\/v2\/posts\/12885\/revisions"}],"predecessor-version":[{"id":12887,"href":"https:\/\/todoapulmon-rafaela.com\/index.php\/wp-json\/wp\/v2\/posts\/12885\/revisions\/12887"}],"wp:featuredmedia":[{"embeddable":true,"href":"https:\/\/todoapulmon-rafaela.com\/index.php\/wp-json\/wp\/v2\/media\/12886"}],"wp:attachment":[{"href":"https:\/\/todoapulmon-rafaela.com\/index.php\/wp-json\/wp\/v2\/media?parent=12885"}],"wp:term":[{"taxonomy":"category","embeddable":true,"href":"https:\/\/todoapulmon-rafaela.com\/index.php\/wp-json\/wp\/v2\/categories?post=12885"},{"taxonomy":"post_tag","embeddable":true,"href":"https:\/\/todoapulmon-rafaela.com\/index.php\/wp-json\/wp\/v2\/tags?post=12885"}],"curies":[{"name":"wp","href":"https:\/\/api.w.org\/{rel}","templated":true}]}}