{"id":12836,"date":"2018-05-25T02:29:51","date_gmt":"2018-05-25T02:29:51","guid":{"rendered":"http:\/\/todoapulmon-rafaela.com\/?p=12836"},"modified":"2018-05-25T02:29:51","modified_gmt":"2018-05-25T02:29:51","slug":"este-ano-seran-18-las-fechas-de-ciclismo-en-los-barrios","status":"publish","type":"post","link":"https:\/\/todoapulmon-rafaela.com\/index.php\/2018\/05\/25\/este-ano-seran-18-las-fechas-de-ciclismo-en-los-barrios\/","title":{"rendered":"Este a\u00f1o ser\u00e1n 18 las fechas de Ciclismo en los Barrios"},"content":{"rendered":"<p>En el Club Ciclista de Rafaela se realiz\u00f3 este jueves la presentaci\u00f3n del Ciclismo en los Barrios 2018, que comenzar\u00e1 este s\u00e1bado en un circuito callejero trazado alrededor de la Plaza del Barrio San Jos\u00e9, a partir de las 15. Ser\u00e1 la edici\u00f3n n\u00famero 26 de manera ininterrumpida.<br \/>\nEstuvieron presentes en la conferencia de prensa el presidente de la entidad, Adri\u00e1n Della Torre, el Subsecretario de Deportes de la Municipalidad, Leonardo Crosetti; el Senador Departamental Alcides Calvo y el titular de Casa Delma (sponsor), Daniel Trucco.<br \/>\nLa novedad principal ser\u00e1 que se ampliar\u00e1 sustancialmente el calendario. En esta temporada ser\u00e1n 18 carreras, es decir pr\u00e1cticamente una cada 15 d\u00edas y se cubrir\u00e1n casi la mitad de los barrios rafaelinos. Adem\u00e1s, puede estar latente la posibilidad de incorporar algunas localidades cercanas, tal como aconteci\u00f3 el a\u00f1o pasado.<br \/>\n\u00abCreo que este va a ser un gran a\u00f1o, nos va a acercar un gran caudal de deportistas y chicos para la base de la pir\u00e1mide, que es nuestra Escuelita de Ciclismo\u00bb, destac\u00f3 Della Torre.<br \/>\nCrosetti valor\u00f3 el esfuerzo de los miembros del Club Ciclista para organizar tantas competencias, destacando que ahora el ciclismo barrial se enmarca en el nuevo programa Rafaela en Acci\u00f3n.<br \/>\n\u00abPara nosotros este programa es muy valioso ya que ha dejado muchos deportistas de elite, sirve, funciona. Los mejores ciclistas de los \u00faltimos a\u00f1os como Mauro Agostini, Farid Su\u00e1rez, Yoel Vargas, entre otros, surgieron del mismo\u00bb.<br \/>\nAsimismo, el Senador Calvo hizo hincapi\u00e9 en lo social y en la vigencia de Ciclismo en los Barrios.<br \/>\nComo es habitual, habr\u00e1 cinco categor\u00edas, siendo premiados los primeros cinco de cada categor\u00eda. Al final del a\u00f1o los campeones o mejores ubicados tendr\u00e1n la posibilidad de realizar un viaje como premio final.<\/p>\n","protected":false},"excerpt":{"rendered":"<p>En el Club Ciclista de Rafaela se realiz\u00f3 este jueves la presentaci\u00f3n del Ciclismo en los Barrios 2018, que comenzar\u00e1<\/p>\n","protected":false},"author":2,"featured_media":12837,"comment_status":"open","ping_status":"open","sticky":false,"template":"","format":"standard","meta":{"footnotes":""},"categories":[4,24],"tags":[],"class_list":["post-12836","post","type-post","status-publish","format-standard","has-post-thumbnail","hentry","category-ciclismo","category-noticias-destacadas"],"cc_featured_image_caption":{"caption_text":"Daniel Trucco, Alcides Calvo, Adri\u00e1n Della Torre y Leonardo Crosetti en la conferencia de prensa.","source_text":"","source_url":""},"_links":{"self":[{"href":"https:\/\/todoapulmon-rafaela.com\/index.php\/wp-json\/wp\/v2\/posts\/12836"}],"collection":[{"href":"https:\/\/todoapulmon-rafaela.com\/index.php\/wp-json\/wp\/v2\/posts"}],"about":[{"href":"https:\/\/todoapulmon-rafaela.com\/index.php\/wp-json\/wp\/v2\/types\/post"}],"author":[{"embeddable":true,"href":"https:\/\/todoapulmon-rafaela.com\/index.php\/wp-json\/wp\/v2\/users\/2"}],"replies":[{"embeddable":true,"href":"https:\/\/todoapulmon-rafaela.com\/index.php\/wp-json\/wp\/v2\/comments?post=12836"}],"version-history":[{"count":1,"href":"https:\/\/todoapulmon-rafaela.com\/index.php\/wp-json\/wp\/v2\/posts\/12836\/revisions"}],"predecessor-version":[{"id":12838,"href":"https:\/\/todoapulmon-rafaela.com\/index.php\/wp-json\/wp\/v2\/posts\/12836\/revisions\/12838"}],"wp:featuredmedia":[{"embeddable":true,"href":"https:\/\/todoapulmon-rafaela.com\/index.php\/wp-json\/wp\/v2\/media\/12837"}],"wp:attachment":[{"href":"https:\/\/todoapulmon-rafaela.com\/index.php\/wp-json\/wp\/v2\/media?parent=12836"}],"wp:term":[{"taxonomy":"category","embeddable":true,"href":"https:\/\/todoapulmon-rafaela.com\/index.php\/wp-json\/wp\/v2\/categories?post=12836"},{"taxonomy":"post_tag","embeddable":true,"href":"https:\/\/todoapulmon-rafaela.com\/index.php\/wp-json\/wp\/v2\/tags?post=12836"}],"curies":[{"name":"wp","href":"https:\/\/api.w.org\/{rel}","templated":true}]}}