{"id":12771,"date":"2018-05-21T12:38:47","date_gmt":"2018-05-21T12:38:47","guid":{"rendered":"http:\/\/todoapulmon-rafaela.com\/?p=12771"},"modified":"2018-05-21T12:49:18","modified_gmt":"2018-05-21T12:49:18","slug":"podios-de-bikers-rafaelinos-en-la-san-francisco-miramar-de-rural","status":"publish","type":"post","link":"https:\/\/todoapulmon-rafaela.com\/index.php\/2018\/05\/21\/podios-de-bikers-rafaelinos-en-la-san-francisco-miramar-de-rural\/","title":{"rendered":"Podios de bikers rafaelinos en la San Francisco &#8211; Miramar de Rural"},"content":{"rendered":"<p>Con la participaci\u00f3n de m\u00e1s de 350 competidores se desarroll\u00f3 este fin de semana la segunda edici\u00f3n de la Doble San Francisco &#8211; Miramar de Rural Bike, la cual fue organizada por el Cicles Moto Club de la ciudad cordobesa y donde tuvieron meritorios desempe\u00f1os representantes de nuestra ciudad.<\/p>\n<p>En la categor\u00eda Elite logr\u00f3 el segundo puesto Germ\u00e1n Leandri y tercero fue su hermano David, en tanto Edgardo Rasetto se ubic\u00f3 cuarto en A2 luego de haber ganado el primer parcial. En damas, Gisela Catt\u00e1neo fue segunda y Luisina Simondi cuarta en la categor\u00eda A.<\/p>\n<p>Nuevamente la competencia tuvo tres versiones. La \u00abversi\u00f3n doble\u00bb es la que tuvo dos etapas de 110 kil\u00f3metros cada una. La \u00abversi\u00f3n simple\u00bb es la que tuvo a los competidores haciendo solo el regreso desde Miramar hasta San Francisco el domingo. En tanto, la \u00abversi\u00f3n simple reducida\u00bb const\u00f3 de 40 kil\u00f3metros y se hizo el domingo por la ma\u00f1ana partiendo desde Colonia Marina hasta San Francisco.<\/p>\n<p>Los ganadores de la general fueron\u00a0Cristian Aimale, de Villa Mar\u00eda (5h58m12s), y entre las damas la ganadora de la ambas etapas y de la general fue la ciclista de Chivilcoy, Marina Arce (7h8m56s).<\/p>\n<p>PRINCIPALES POSICIONES<\/p>\n<p><strong>PRO<\/strong><br \/>\n1 AIMALE, CRISTIAN (Villa Mar\u00eda)<br \/>\n2 FERREYRA, NICOLAS (James Craik)<br \/>\n3 ORTIZ, MATIAS (Bragado)<\/p>\n<p>20 AGOSTINI, MAURO (Rafaela).<\/p>\n<p><strong>ELITE<\/strong><br \/>\n1 MIGNACO, LEANDRO (Alberti, Buenos Aires)<br \/>\n2 LEANDRI, GERMAN (Rafaela)<br \/>\n3 LEANDRI, DAVID (Rafaela)<\/p>\n<p>6 CHATTELLINO, NICOLAS (Rafaela).<\/p>\n<p><strong>MASTER A1<\/strong><br \/>\n1 CAPARROS, GASTON (R\u00edo Segundo, C\u00f3rdoba)<\/p>\n<p>14 PALMERO, ALEJANDRO (Rafaela).<\/p>\n<p><strong>MASTER A2<\/strong><br \/>\n1 SUAREZ, LUIS (Pilar, Santa Fe)<\/p>\n<p>4 RASETTO, EDGARDO (Rafaela)<\/p>\n<p>12 VILCHES, MATIAS (Rafaela).<\/p>\n<p><strong>MASTER B1<\/strong><br \/>\n1 CAPRIFOGLIO, MARTIN (Chivilcoy)<\/p>\n<p>8 DURANDO NU\u00d1EZ, DIEGO (Rafaela)<\/p>\n<p><strong>MASTER B2<\/strong><br \/>\n1 SARDELLA, JUAN PABLO (Rosario)<\/p>\n<p>6 GONZALES, LEONARDO (Susana)<\/p>\n<p>14 BOGUNOVICH, CESAR (Susana).<\/p>\n<p><strong>DAMAS A<\/strong><br \/>\n1 ARCE, MARINA (Chivilcoy)<br \/>\n2 CATTANEO, GISELA (Rafaela)<br \/>\n3 FUNES, JOHANA (Villa Mercedes, San Luis)<br \/>\n4 SIMONDI, LUISINA (Rafaela).<\/p>\n<p><strong>110K &#8211; VARONES<\/strong><br \/>\n1 AIMAR, FRANCISCO (San Francisco)<br \/>\n5 SCHMIDT, DANIEL (Rafaela)<br \/>\n6 PERNUZZI, CRISTIAN (Rafaela)<br \/>\n15 BENITEZ, HUGO (Rafaela)<br \/>\n18 SEDLACEK, DARIO (Rafaela).<\/p>\n","protected":false},"excerpt":{"rendered":"<p>Con la participaci\u00f3n de m\u00e1s de 350 competidores se desarroll\u00f3 este fin de semana la segunda edici\u00f3n de la Doble<\/p>\n","protected":false},"author":2,"featured_media":12777,"comment_status":"open","ping_status":"open","sticky":false,"template":"","format":"standard","meta":{"footnotes":""},"categories":[4,24],"tags":[],"class_list":["post-12771","post","type-post","status-publish","format-standard","has-post-thumbnail","hentry","category-ciclismo","category-noticias-destacadas"],"cc_featured_image_caption":{"caption_text":"Los podios de Damas A con Gisela Catt\u00e1neo y Luisina Simondi, y los de Varones Elite con Germ\u00e1n y David Leandri. (Fotos Infobiker).","source_text":"","source_url":""},"_links":{"self":[{"href":"https:\/\/todoapulmon-rafaela.com\/index.php\/wp-json\/wp\/v2\/posts\/12771"}],"collection":[{"href":"https:\/\/todoapulmon-rafaela.com\/index.php\/wp-json\/wp\/v2\/posts"}],"about":[{"href":"https:\/\/todoapulmon-rafaela.com\/index.php\/wp-json\/wp\/v2\/types\/post"}],"author":[{"embeddable":true,"href":"https:\/\/todoapulmon-rafaela.com\/index.php\/wp-json\/wp\/v2\/users\/2"}],"replies":[{"embeddable":true,"href":"https:\/\/todoapulmon-rafaela.com\/index.php\/wp-json\/wp\/v2\/comments?post=12771"}],"version-history":[{"count":2,"href":"https:\/\/todoapulmon-rafaela.com\/index.php\/wp-json\/wp\/v2\/posts\/12771\/revisions"}],"predecessor-version":[{"id":12775,"href":"https:\/\/todoapulmon-rafaela.com\/index.php\/wp-json\/wp\/v2\/posts\/12771\/revisions\/12775"}],"wp:featuredmedia":[{"embeddable":true,"href":"https:\/\/todoapulmon-rafaela.com\/index.php\/wp-json\/wp\/v2\/media\/12777"}],"wp:attachment":[{"href":"https:\/\/todoapulmon-rafaela.com\/index.php\/wp-json\/wp\/v2\/media?parent=12771"}],"wp:term":[{"taxonomy":"category","embeddable":true,"href":"https:\/\/todoapulmon-rafaela.com\/index.php\/wp-json\/wp\/v2\/categories?post=12771"},{"taxonomy":"post_tag","embeddable":true,"href":"https:\/\/todoapulmon-rafaela.com\/index.php\/wp-json\/wp\/v2\/tags?post=12771"}],"curies":[{"name":"wp","href":"https:\/\/api.w.org\/{rel}","templated":true}]}}