{"id":12673,"date":"2018-05-13T19:47:38","date_gmt":"2018-05-13T19:47:38","guid":{"rendered":"http:\/\/todoapulmon-rafaela.com\/?p=12673"},"modified":"2018-05-13T19:47:38","modified_gmt":"2018-05-13T19:47:38","slug":"quinto-puesto-para-la-arv-en-las-rosas","status":"publish","type":"post","link":"https:\/\/todoapulmon-rafaela.com\/index.php\/2018\/05\/13\/quinto-puesto-para-la-arv-en-las-rosas\/","title":{"rendered":"Quinto puesto para la ARV en Las Rosas"},"content":{"rendered":"<p>Fue un buen fin de semana para el seleccionado Sub 17 femenino de la Asociaci\u00f3n Rafaelina de Voley en el torneo Provincial de la categor\u00eda que se disput\u00f3 en Las Rosas.<\/p>\n<p>En la etapa clasificatoria debut\u00f3 perdiendo ante Rosario por 3 a 0, luego cay\u00f3 ante la Asoc. del Noroeste por el mismo marcador y en el tercer cotejo se impuso a Suroeste Santafesino por 3 a 0. Ya en la jornada del domingo se impuso a la Asoc. del Norte Santafesino por 3 a 0 y en partido por el quinto y sexto puesto derrot\u00f3 3 a 0 a la Asoc. Ca\u00f1adense.<\/p>\n<p>El plantel estuvo integrado por las siguientes jugadoras: Camila Picotto (c), Julieta Hoffmann, Julieta Rivero, Candela Florio y Catalina Oggero (Atl\u00e9tico de Rafaela); Valentina Tornavacio, Sabrina Ponso, Josefina Goro y Sof\u00eda Ardissono (Uni\u00f3n de Sunchales); Camila Silva (9 de Julio); Pilar Di Biase y Angelina Bircher (Libertad de Sunchales).<\/p>\n<p>El cuerpo t\u00e9cnico se integr\u00f3 con Juan Pablo Falc\u00f3n (entrenador), Marina Francesconi (asistente t\u00e9cnico), Alina Boriglio (Jefe de Delegaci\u00f3n).<\/p>\n","protected":false},"excerpt":{"rendered":"<p>Fue un buen fin de semana para el seleccionado Sub 17 femenino de la Asociaci\u00f3n Rafaelina de Voley en el<\/p>\n","protected":false},"author":2,"featured_media":12674,"comment_status":"open","ping_status":"open","sticky":false,"template":"","format":"standard","meta":{"footnotes":""},"categories":[24,16],"tags":[],"class_list":["post-12673","post","type-post","status-publish","format-standard","has-post-thumbnail","hentry","category-noticias-destacadas","category-voley"],"cc_featured_image_caption":{"caption_text":"El seleccionado de la Asociaci\u00f3n Rafaelina cerr\u00f3 de buena manera el Provincial.","source_text":"","source_url":""},"_links":{"self":[{"href":"https:\/\/todoapulmon-rafaela.com\/index.php\/wp-json\/wp\/v2\/posts\/12673"}],"collection":[{"href":"https:\/\/todoapulmon-rafaela.com\/index.php\/wp-json\/wp\/v2\/posts"}],"about":[{"href":"https:\/\/todoapulmon-rafaela.com\/index.php\/wp-json\/wp\/v2\/types\/post"}],"author":[{"embeddable":true,"href":"https:\/\/todoapulmon-rafaela.com\/index.php\/wp-json\/wp\/v2\/users\/2"}],"replies":[{"embeddable":true,"href":"https:\/\/todoapulmon-rafaela.com\/index.php\/wp-json\/wp\/v2\/comments?post=12673"}],"version-history":[{"count":1,"href":"https:\/\/todoapulmon-rafaela.com\/index.php\/wp-json\/wp\/v2\/posts\/12673\/revisions"}],"predecessor-version":[{"id":12675,"href":"https:\/\/todoapulmon-rafaela.com\/index.php\/wp-json\/wp\/v2\/posts\/12673\/revisions\/12675"}],"wp:featuredmedia":[{"embeddable":true,"href":"https:\/\/todoapulmon-rafaela.com\/index.php\/wp-json\/wp\/v2\/media\/12674"}],"wp:attachment":[{"href":"https:\/\/todoapulmon-rafaela.com\/index.php\/wp-json\/wp\/v2\/media?parent=12673"}],"wp:term":[{"taxonomy":"category","embeddable":true,"href":"https:\/\/todoapulmon-rafaela.com\/index.php\/wp-json\/wp\/v2\/categories?post=12673"},{"taxonomy":"post_tag","embeddable":true,"href":"https:\/\/todoapulmon-rafaela.com\/index.php\/wp-json\/wp\/v2\/tags?post=12673"}],"curies":[{"name":"wp","href":"https:\/\/api.w.org\/{rel}","templated":true}]}}