{"id":12600,"date":"2018-05-08T18:04:48","date_gmt":"2018-05-08T18:04:48","guid":{"rendered":"http:\/\/todoapulmon-rafaela.com\/?p=12600"},"modified":"2018-05-09T21:59:38","modified_gmt":"2018-05-09T21:59:38","slug":"la-fosh-en-el-nacional-zona-ascenso-de-mayores","status":"publish","type":"post","link":"https:\/\/todoapulmon-rafaela.com\/index.php\/2018\/05\/08\/la-fosh-en-el-nacional-zona-ascenso-de-mayores\/","title":{"rendered":"La FOSH en el Nacional Zona Ascenso de Mayores"},"content":{"rendered":"<p>Desde este jueves y hasta el domingo 13 de mayo se llevar\u00e1 a cabo en San Rafael, Mendoza, el Campeonato Argentino Zona Ascenso de Mayores de hockey, para damas y caballeros. La Federaci\u00f3n del Oeste Santafesino estar\u00e1 presente en las dos categor\u00edas.<\/p>\n<p>En el caso de los caballeros integrar\u00e1n el Ascenso B (zona B), enfrent\u00e1ndose contra la Federaci\u00f3n Misionera (jueves a las 10); Sanluise\u00f1a (viernes 8.30) y Santa Cruz Norte (viernes a las 15).<\/p>\n<p>Las damas participar\u00e1n del grupo Ascenso B, Zona A, con otros cuatro representativos. Debutar\u00e1n el jueves a las 8.30 enfrentando a la Fed. Pampeana; el viernes a las 10 lo har\u00e1n ante R\u00edo Uruguay; el s\u00e1bado a las 8.30 frente a la Tandilense y a las 14.30 cerrar\u00e1n la etapa clasificatoria ante la Chaque\u00f1a.<\/p>\n<p>LOS PLANTELES<\/p>\n<p>La FOSH inform\u00f3 que los planteles que estar\u00e1n jugando en San Rafael estar\u00e1n conformados de la siguiente manera:<\/p>\n<p><strong>Damas:<\/strong>\u00a0Mercedes Almada, Loana Bravo, Aldana Avila, Luc\u00eda Romano, Agostina Astesano, Micaela Lammens, Anabela Niz, Mariana Cejas, Yamila Sen, Candela Lotterberger, Brenda Bartizaghi Hilgert, Macarena Medina, Priscila Baz\u00e1n, Giovana Melano, Yanet Mi\u00f1o, Natalia Mansilla, Marcela Manzur y Paola Daniele.<\/p>\n<p><strong>Caballeros:<\/strong> Emanuel Branchesse, Enzo Ficetti, Cristian Giambartolomei, Ariel Guzm\u00e1n, Lorenzo Jastrzbski, Gonzalo Lagoa, Miguel L\u00f3pez, Javier Martinez, Marcos Medina, Waldo Medina, Mariano Mossetto, Federico Mu\u00f1oz, Dar\u00edo Pereyra, Javier Saal, Francisco Vich, Sebasti\u00e1n Vich y Gian Wenger.<\/p>\n<p>Las delegaciones est\u00e1n viajando este martes a Cuyo.<\/p>\n","protected":false},"excerpt":{"rendered":"<p>Desde este jueves y hasta el domingo 13 de mayo se llevar\u00e1 a cabo en San Rafael, Mendoza, el Campeonato<\/p>\n","protected":false},"author":2,"featured_media":12606,"comment_status":"open","ping_status":"open","sticky":false,"template":"","format":"standard","meta":{"footnotes":""},"categories":[3,24],"tags":[],"class_list":["post-12600","post","type-post","status-publish","format-standard","has-post-thumbnail","hentry","category-hockey","category-noticias-destacadas"],"cc_featured_image_caption":{"caption_text":"El seleccionado de damas de la Federaci\u00f3n del Oeste que jug\u00f3 el Nacional del a\u00f1o pasado.","source_text":"","source_url":""},"_links":{"self":[{"href":"https:\/\/todoapulmon-rafaela.com\/index.php\/wp-json\/wp\/v2\/posts\/12600"}],"collection":[{"href":"https:\/\/todoapulmon-rafaela.com\/index.php\/wp-json\/wp\/v2\/posts"}],"about":[{"href":"https:\/\/todoapulmon-rafaela.com\/index.php\/wp-json\/wp\/v2\/types\/post"}],"author":[{"embeddable":true,"href":"https:\/\/todoapulmon-rafaela.com\/index.php\/wp-json\/wp\/v2\/users\/2"}],"replies":[{"embeddable":true,"href":"https:\/\/todoapulmon-rafaela.com\/index.php\/wp-json\/wp\/v2\/comments?post=12600"}],"version-history":[{"count":4,"href":"https:\/\/todoapulmon-rafaela.com\/index.php\/wp-json\/wp\/v2\/posts\/12600\/revisions"}],"predecessor-version":[{"id":12618,"href":"https:\/\/todoapulmon-rafaela.com\/index.php\/wp-json\/wp\/v2\/posts\/12600\/revisions\/12618"}],"wp:featuredmedia":[{"embeddable":true,"href":"https:\/\/todoapulmon-rafaela.com\/index.php\/wp-json\/wp\/v2\/media\/12606"}],"wp:attachment":[{"href":"https:\/\/todoapulmon-rafaela.com\/index.php\/wp-json\/wp\/v2\/media?parent=12600"}],"wp:term":[{"taxonomy":"category","embeddable":true,"href":"https:\/\/todoapulmon-rafaela.com\/index.php\/wp-json\/wp\/v2\/categories?post=12600"},{"taxonomy":"post_tag","embeddable":true,"href":"https:\/\/todoapulmon-rafaela.com\/index.php\/wp-json\/wp\/v2\/tags?post=12600"}],"curies":[{"name":"wp","href":"https:\/\/api.w.org\/{rel}","templated":true}]}}