{"id":12503,"date":"2018-05-01T18:17:00","date_gmt":"2018-05-01T18:17:00","guid":{"rendered":"http:\/\/todoapulmon-rafaela.com\/?p=12503"},"modified":"2018-05-01T18:27:25","modified_gmt":"2018-05-01T18:27:25","slug":"norberto-willener-en-el-podio-de-la-atacama-challenger","status":"publish","type":"post","link":"https:\/\/todoapulmon-rafaela.com\/index.php\/2018\/05\/01\/norberto-willener-en-el-podio-de-la-atacama-challenger\/","title":{"rendered":"Norberto Willener en el podio de la Atacama Challenger"},"content":{"rendered":"<p>En el riguroso desierto de Atacama cumpli\u00f3 una destacada actuaci\u00f3n Norberto Willener, protagonista de Atacama Challenger 2018. El rafaelino culmin\u00f3 en la segunda posici\u00f3n de la categor\u00eda de 55 a 59 a\u00f1os, en la competencia de mountain bike m\u00e1s reconocida en la especialidad del vecino pa\u00eds y con un importante prestigio a nivel internacional, siendo parte del calendario UCI, desarrollada el fin de semana. Adem\u00e1s, qued\u00f3 en el puesto 254 de la clasificaci\u00f3n general, en un evento que reune a m\u00e1s de 700 pedalistas.<\/p>\n<p>Se trata de una carrera de \u00abautosuficiencia\u201d que continua teniendo como plaza a San Pedro de Atacama. Lugar considerado por Nasa y National Geographic como el m\u00e1s \u00e1rido del mundo y por ge\u00f3logos como el desierto m\u00e1s antiguo del planeta con 150 millones de a\u00f1os.<\/p>\n<p>La competencia se divide en tres etapas, por tiempo acumulado.\u00a0Para poder continuar en carrera los corredores deber\u00e1n completar cada etapa en el tiempo establecido para poder pasar al parcial del d\u00eda siguiente.<\/p>\n<p>Willener tuvo registros por d\u00eda de: 3h31m05s; 4h33m59s y 3h19m22s, para un acumulado de 11h24m26s. Las etapas fueron divididas en:\u00a0<b>\u00a0<\/b><\/p>\n<ul>\n<li><strong>D\u00eda 1: Ascenso con Meta Monta\u00f1a 33km<\/strong>, (3 puestos de hidrataci\u00f3n) \u00b7 Tiempo l\u00edmite 7 hs.<\/li>\n<li><strong>D\u00eda 2: Rally Marat\u00f3n 70km.<\/strong>\u00a0 (4 puestos de hidrataci\u00f3n) \u00b7 Tiempo l\u00edmite 9 hs.<\/li>\n<li><strong>D\u00eda 3: Rally Marat\u00f3n 61km.<\/strong>\u00a0(3 puestos de hidrataci\u00f3n) \u00b7 Tiempo l\u00edmite 5 hs.<\/li>\n<\/ul>\n<p>En la mencionada categor\u00eda tomaron parte 31 bikers de diferentes pa\u00edses. El ganador fue Fernando Belaunde con 10h55m56s, seguido por Norberto Willener con 11h24m26s, mientras que tercero lleg\u00f3 Rub\u00e9n Pedraza con 11h28m33s.<\/p>\n<p>GANADOR ARGENTINO<\/p>\n<p>Con dos triunfos en tres etapas y un efectivo trabajo en equipo, el ciclista argentino del Team Tucum\u00e1n Felipe Sundblad gan\u00f3 la serie \u00e9lite del Atacama Challenger Mountainbike y se convirti\u00f3 en bicampe\u00f3n de la prueba en el terreno m\u00e1s \u00e1rido del planeta. Su tiempo fue de 7h37m15s.<\/p>\n<p>De hecho, En la tercera etapa, de 61 kil\u00f3metros por el Valle de la Luna y la Quebrada de Vilama, su opci\u00f3n se desvanec\u00eda con el chileno Eyair Astudillo escapado en punta. Entonces vino el esfuerzo colectivo: tucumanos adelante para cortar el viento, le permitieron a Sundblad guardar piernas para el momento clave. El podio lo completaron los chilenos Walter Mart\u00ednez y Flavio Naciff.<\/p>\n<p>En damas \u00e9lite, la chilena Ximena Aldana cerr\u00f3 la categor\u00eda con un triunfo aplastante, tras ganar los tres d\u00edas. Fue acompa\u00f1ada en el podio por las tambi\u00e9n locales Maribel Abarza y Paz Leiva.<\/p>\n","protected":false},"excerpt":{"rendered":"<p>En el riguroso desierto de Atacama cumpli\u00f3 una destacada actuaci\u00f3n Norberto Willener, protagonista de Atacama Challenger 2018. El rafaelino culmin\u00f3<\/p>\n","protected":false},"author":2,"featured_media":12504,"comment_status":"open","ping_status":"open","sticky":false,"template":"","format":"standard","meta":{"footnotes":""},"categories":[4,24],"tags":[],"class_list":["post-12503","post","type-post","status-publish","format-standard","has-post-thumbnail","hentry","category-ciclismo","category-noticias-destacadas"],"cc_featured_image_caption":{"caption_text":"Norberto Willener (centro) en el podio con la bandera argentina. (Foto Norberto Willener ciclismo).","source_text":"","source_url":""},"_links":{"self":[{"href":"https:\/\/todoapulmon-rafaela.com\/index.php\/wp-json\/wp\/v2\/posts\/12503"}],"collection":[{"href":"https:\/\/todoapulmon-rafaela.com\/index.php\/wp-json\/wp\/v2\/posts"}],"about":[{"href":"https:\/\/todoapulmon-rafaela.com\/index.php\/wp-json\/wp\/v2\/types\/post"}],"author":[{"embeddable":true,"href":"https:\/\/todoapulmon-rafaela.com\/index.php\/wp-json\/wp\/v2\/users\/2"}],"replies":[{"embeddable":true,"href":"https:\/\/todoapulmon-rafaela.com\/index.php\/wp-json\/wp\/v2\/comments?post=12503"}],"version-history":[{"count":3,"href":"https:\/\/todoapulmon-rafaela.com\/index.php\/wp-json\/wp\/v2\/posts\/12503\/revisions"}],"predecessor-version":[{"id":12507,"href":"https:\/\/todoapulmon-rafaela.com\/index.php\/wp-json\/wp\/v2\/posts\/12503\/revisions\/12507"}],"wp:featuredmedia":[{"embeddable":true,"href":"https:\/\/todoapulmon-rafaela.com\/index.php\/wp-json\/wp\/v2\/media\/12504"}],"wp:attachment":[{"href":"https:\/\/todoapulmon-rafaela.com\/index.php\/wp-json\/wp\/v2\/media?parent=12503"}],"wp:term":[{"taxonomy":"category","embeddable":true,"href":"https:\/\/todoapulmon-rafaela.com\/index.php\/wp-json\/wp\/v2\/categories?post=12503"},{"taxonomy":"post_tag","embeddable":true,"href":"https:\/\/todoapulmon-rafaela.com\/index.php\/wp-json\/wp\/v2\/tags?post=12503"}],"curies":[{"name":"wp","href":"https:\/\/api.w.org\/{rel}","templated":true}]}}