{"id":12452,"date":"2018-04-28T22:27:44","date_gmt":"2018-04-28T22:27:44","guid":{"rendered":"http:\/\/todoapulmon-rafaela.com\/?p=12452"},"modified":"2018-04-28T22:31:16","modified_gmt":"2018-04-28T22:31:16","slug":"el-triunfo-de-sofia-kloster-fue-con-record-argentino-sub-23-en-20-km","status":"publish","type":"post","link":"https:\/\/todoapulmon-rafaela.com\/index.php\/2018\/04\/28\/el-triunfo-de-sofia-kloster-fue-con-record-argentino-sub-23-en-20-km\/","title":{"rendered":"El triunfo de Sof\u00eda Kloster fue con r\u00e9cord argentino Sub 23 en 20 km"},"content":{"rendered":"<p>Luego de su victoria en los 20 kil\u00f3metros de la primera Copa Nacional de Marcha realizada hoy en el CeNaDe, en Ezeiza, se confirm\u00f3 que el tiempo de 1h49m56s empleado por Sof\u00eda Kloster es nuevo r\u00e9cord argentino Sub 23 en la mencionada distancia. Sin dudas, un importante halago para la marchista del CRAS, entrenada por Ariel Magallanes que hac\u00eda tres a\u00f1os que no tomaba parte de una prueba en 20k.<\/p>\n<p>En una competencia que se desarroll\u00f3 bajo la lluvia durante todo el recorrido, la rafaelina que qued\u00f3 a menos de dos minutos de la marca m\u00ednima para el Sudamericano U23 que se har\u00e1 en Mendoza, lo cual no es mucho teniendo en cuenta que es una prueba muy larga.<\/p>\n<p>Tambi\u00e9n participaron del equipo del CRAS, Mar\u00eda del Rosario Majda, atleta formose\u00f1a que se sum\u00f3 hace poco m\u00e1s de un mes al grupo de trabajo, que obtuvo un muy buen segundo puesto en U20 tambi\u00e9n con su mejor marca.<\/p>\n<p>En tanto, Jonathan Acevedo qued\u00f3 descalificado en la prueba masculina de 20 k.<\/p>\n","protected":false},"excerpt":{"rendered":"<p>Luego de su victoria en los 20 kil\u00f3metros de la primera Copa Nacional de Marcha realizada hoy en el CeNaDe,<\/p>\n","protected":false},"author":2,"featured_media":12455,"comment_status":"open","ping_status":"open","sticky":false,"template":"","format":"standard","meta":{"footnotes":""},"categories":[7,24],"tags":[],"class_list":["post-12452","post","type-post","status-publish","format-standard","has-post-thumbnail","hentry","category-atletismo","category-noticias-destacadas"],"cc_featured_image_caption":{"caption_text":"Sof\u00eda Kloster, Ariel Magallanes y Mar\u00eda del Rosario Majda en Ezeiza.","source_text":"","source_url":""},"_links":{"self":[{"href":"https:\/\/todoapulmon-rafaela.com\/index.php\/wp-json\/wp\/v2\/posts\/12452"}],"collection":[{"href":"https:\/\/todoapulmon-rafaela.com\/index.php\/wp-json\/wp\/v2\/posts"}],"about":[{"href":"https:\/\/todoapulmon-rafaela.com\/index.php\/wp-json\/wp\/v2\/types\/post"}],"author":[{"embeddable":true,"href":"https:\/\/todoapulmon-rafaela.com\/index.php\/wp-json\/wp\/v2\/users\/2"}],"replies":[{"embeddable":true,"href":"https:\/\/todoapulmon-rafaela.com\/index.php\/wp-json\/wp\/v2\/comments?post=12452"}],"version-history":[{"count":1,"href":"https:\/\/todoapulmon-rafaela.com\/index.php\/wp-json\/wp\/v2\/posts\/12452\/revisions"}],"predecessor-version":[{"id":12454,"href":"https:\/\/todoapulmon-rafaela.com\/index.php\/wp-json\/wp\/v2\/posts\/12452\/revisions\/12454"}],"wp:featuredmedia":[{"embeddable":true,"href":"https:\/\/todoapulmon-rafaela.com\/index.php\/wp-json\/wp\/v2\/media\/12455"}],"wp:attachment":[{"href":"https:\/\/todoapulmon-rafaela.com\/index.php\/wp-json\/wp\/v2\/media?parent=12452"}],"wp:term":[{"taxonomy":"category","embeddable":true,"href":"https:\/\/todoapulmon-rafaela.com\/index.php\/wp-json\/wp\/v2\/categories?post=12452"},{"taxonomy":"post_tag","embeddable":true,"href":"https:\/\/todoapulmon-rafaela.com\/index.php\/wp-json\/wp\/v2\/tags?post=12452"}],"curies":[{"name":"wp","href":"https:\/\/api.w.org\/{rel}","templated":true}]}}