{"id":12446,"date":"2018-04-28T19:07:15","date_gmt":"2018-04-28T19:07:15","guid":{"rendered":"http:\/\/todoapulmon-rafaela.com\/?p=12446"},"modified":"2018-04-28T19:11:57","modified_gmt":"2018-04-28T19:11:57","slug":"sofia-kloster-victoria-y-mejor-marca-en-20-kilometros","status":"publish","type":"post","link":"https:\/\/todoapulmon-rafaela.com\/index.php\/2018\/04\/28\/sofia-kloster-victoria-y-mejor-marca-en-20-kilometros\/","title":{"rendered":"Sof\u00eda Kloster, victoria y mejor marca en 20 kil\u00f3metros"},"content":{"rendered":"<p>Sof\u00eda Kloster gan\u00f3 en los 20 kil\u00f3metros de la Copa Nacional de Marcha este s\u00e1bado con un tiempo de 1h49m56s, en Ezeiza. As\u00ed baj\u00f3 14 minutos su mejor marca en la distancia, que hab\u00eda logrado en los Juegos Ol\u00edmpicos Universitarios de Corea 2015.<\/p>\n<p>La atleta del CRAS, entrenada por Ariel Magallanes, tuvo una gran carrera teniendo en cuenta adem\u00e1s el factor clim\u00e1tico ya que llovi\u00f3 durante todo el recorrido. En su objetivo de hacer la marca m\u00ednima para el Sudamericano U23 de Mendoza tuvo una muy buena aproximaci\u00f3n, ya que qued\u00f3 a menos de dos minutos, que no es mucho teniendo en cuenta que es una prueba muy larga.<\/p>\n<p>Tambi\u00e9n participaron del equipo del CRAS, Mar\u00eda del Rosario Majda, atleta formose\u00f1a que se sum\u00f3 hace poco m\u00e1s de un mes al grupo de trabajo, que obtuvo un muy buen segundo puesto en U20 tambi\u00e9n con su mejor marca.<\/p>\n<p>En tanto, Jonathan Acevedo qued\u00f3 descalificado en la prueba masculina de 20 km.<\/p>\n<p><img loading=\"lazy\" decoding=\"async\" class=\"alignnone size-medium wp-image-12448\" src=\"http:\/\/todoapulmon-rafaela.com\/wp-content\/uploads\/2018\/04\/IMG-20180428-WA0015-169x300.jpg\" alt=\"IMG-20180428-WA0015\" width=\"169\" height=\"300\" srcset=\"https:\/\/todoapulmon-rafaela.com\/wp-content\/uploads\/2018\/04\/IMG-20180428-WA0015-169x300.jpg 169w, https:\/\/todoapulmon-rafaela.com\/wp-content\/uploads\/2018\/04\/IMG-20180428-WA0015-576x1024.jpg 576w, https:\/\/todoapulmon-rafaela.com\/wp-content\/uploads\/2018\/04\/IMG-20180428-WA0015.jpg 720w\" sizes=\"(max-width: 169px) 100vw, 169px\" \/><\/p>\n","protected":false},"excerpt":{"rendered":"<p>Sof\u00eda Kloster gan\u00f3 en los 20 kil\u00f3metros de la Copa Nacional de Marcha este s\u00e1bado con un tiempo de 1h49m56s,<\/p>\n","protected":false},"author":2,"featured_media":12450,"comment_status":"open","ping_status":"open","sticky":false,"template":"","format":"standard","meta":{"footnotes":""},"categories":[7,24],"tags":[],"class_list":["post-12446","post","type-post","status-publish","format-standard","has-post-thumbnail","hentry","category-atletismo","category-noticias-destacadas"],"cc_featured_image_caption":{"caption_text":"","source_text":"","source_url":""},"_links":{"self":[{"href":"https:\/\/todoapulmon-rafaela.com\/index.php\/wp-json\/wp\/v2\/posts\/12446"}],"collection":[{"href":"https:\/\/todoapulmon-rafaela.com\/index.php\/wp-json\/wp\/v2\/posts"}],"about":[{"href":"https:\/\/todoapulmon-rafaela.com\/index.php\/wp-json\/wp\/v2\/types\/post"}],"author":[{"embeddable":true,"href":"https:\/\/todoapulmon-rafaela.com\/index.php\/wp-json\/wp\/v2\/users\/2"}],"replies":[{"embeddable":true,"href":"https:\/\/todoapulmon-rafaela.com\/index.php\/wp-json\/wp\/v2\/comments?post=12446"}],"version-history":[{"count":1,"href":"https:\/\/todoapulmon-rafaela.com\/index.php\/wp-json\/wp\/v2\/posts\/12446\/revisions"}],"predecessor-version":[{"id":12449,"href":"https:\/\/todoapulmon-rafaela.com\/index.php\/wp-json\/wp\/v2\/posts\/12446\/revisions\/12449"}],"wp:featuredmedia":[{"embeddable":true,"href":"https:\/\/todoapulmon-rafaela.com\/index.php\/wp-json\/wp\/v2\/media\/12450"}],"wp:attachment":[{"href":"https:\/\/todoapulmon-rafaela.com\/index.php\/wp-json\/wp\/v2\/media?parent=12446"}],"wp:term":[{"taxonomy":"category","embeddable":true,"href":"https:\/\/todoapulmon-rafaela.com\/index.php\/wp-json\/wp\/v2\/categories?post=12446"},{"taxonomy":"post_tag","embeddable":true,"href":"https:\/\/todoapulmon-rafaela.com\/index.php\/wp-json\/wp\/v2\/tags?post=12446"}],"curies":[{"name":"wp","href":"https:\/\/api.w.org\/{rel}","templated":true}]}}