{"id":12351,"date":"2018-04-23T12:23:41","date_gmt":"2018-04-23T12:23:41","guid":{"rendered":"http:\/\/todoapulmon-rafaela.com\/?p=12351"},"modified":"2018-04-23T12:23:41","modified_gmt":"2018-04-23T12:23:41","slug":"sergio-peretti-gano-en-lima-y-clasifico-otra-vez-al-mundial-8","status":"publish","type":"post","link":"https:\/\/todoapulmon-rafaela.com\/index.php\/2018\/04\/23\/sergio-peretti-gano-en-lima-y-clasifico-otra-vez-al-mundial-8\/","title":{"rendered":"Sergio Peretti gan\u00f3 en Lima y clasific\u00f3 otra vez al Mundial"},"content":{"rendered":"<p>Este domingo se desarroll\u00f3 en Lima el Triatl\u00f3n 70.3 con la participaci\u00f3n de Sergio Peretti. El rafaelino se impuso en la categor\u00eda de 55 a 59 a\u00f1os con un tiempo final de 4h53m57s, siendo el mejor dentro de los 34 participantes en esa divisi\u00f3n. Adem\u00e1s qued\u00f3 118\u00ba en la general masculina.<\/p>\n<p>Sus parciales fueron de 34m47s en nataci\u00f3n; 2h28m en ciclismo y 1h46m en pedestrismo.<\/p>\n<p>Con esta victoria, Peretti consigui\u00f3 la clasificaci\u00f3n para el Mundial previsto para 2018 en Sud\u00e1frica durante el mes de septiembre, con lo cual tendr\u00e1 su segunda participaci\u00f3n consecutiva en el m\u00e1ximo certamen de esta distancia de triatl\u00f3n, el 70.3, ya que el a\u00f1o pasado particip\u00f3 en Chattanooga, Estados Unidos.<\/p>\n<p>Sin dudas, una gran performance de Sergio, dado que la categor\u00eda estuvo muy competitiva y eran varios quienes aspiraban a quedarse con la clasificaci\u00f3n.<\/p>\n<p>LOS GANADORES<\/p>\n<p>Fueron cerca de 4 mil atletas que se sometieron a 90 km. de recorrido en bicicleta, 1.9 km. de nataci\u00f3n y 21 km. corriendo.<br \/>\nCyril Viennot fue el ganador en la capital peruana.\u00a0Despu\u00e9s de 3h47m19s de recorrido, lleg\u00f3 a la meta. Al franc\u00e9s, le siguieron el estadounidense Andy Potts (3h47m49s) y el argentino Mario De Elias (3h49m57s). Cabe recordar que De El\u00edas es entrenador de Sergio Peretti.<br \/>\nEn la rama femenina de la categor\u00eda profesional, la estadounidense Sarah Piampiano (4h15m08s) se coron\u00f3 en el primer lugar. Mientras que Kirsty Jhan (4h16m16s) y Kelsey Withrow (4h21m0s)se ubicaron en el segundo y tercer puesto, respectivamente.<\/p>\n","protected":false},"excerpt":{"rendered":"<p>Este domingo se desarroll\u00f3 en Lima el Triatl\u00f3n 70.3 con la participaci\u00f3n de Sergio Peretti. El rafaelino se impuso en<\/p>\n","protected":false},"author":2,"featured_media":12311,"comment_status":"open","ping_status":"open","sticky":false,"template":"","format":"standard","meta":{"footnotes":""},"categories":[24,28],"tags":[],"class_list":["post-12351","post","type-post","status-publish","format-standard","has-post-thumbnail","hentry","category-noticias-destacadas","category-triatlon"],"cc_featured_image_caption":{"caption_text":"La premiaci\u00f3n de la categor\u00eda de 55 a 59 a\u00f1os en la capital peruana.","source_text":"","source_url":""},"_links":{"self":[{"href":"https:\/\/todoapulmon-rafaela.com\/index.php\/wp-json\/wp\/v2\/posts\/12351"}],"collection":[{"href":"https:\/\/todoapulmon-rafaela.com\/index.php\/wp-json\/wp\/v2\/posts"}],"about":[{"href":"https:\/\/todoapulmon-rafaela.com\/index.php\/wp-json\/wp\/v2\/types\/post"}],"author":[{"embeddable":true,"href":"https:\/\/todoapulmon-rafaela.com\/index.php\/wp-json\/wp\/v2\/users\/2"}],"replies":[{"embeddable":true,"href":"https:\/\/todoapulmon-rafaela.com\/index.php\/wp-json\/wp\/v2\/comments?post=12351"}],"version-history":[{"count":1,"href":"https:\/\/todoapulmon-rafaela.com\/index.php\/wp-json\/wp\/v2\/posts\/12351\/revisions"}],"predecessor-version":[{"id":12352,"href":"https:\/\/todoapulmon-rafaela.com\/index.php\/wp-json\/wp\/v2\/posts\/12351\/revisions\/12352"}],"wp:featuredmedia":[{"embeddable":true,"href":"https:\/\/todoapulmon-rafaela.com\/index.php\/wp-json\/wp\/v2\/media\/12311"}],"wp:attachment":[{"href":"https:\/\/todoapulmon-rafaela.com\/index.php\/wp-json\/wp\/v2\/media?parent=12351"}],"wp:term":[{"taxonomy":"category","embeddable":true,"href":"https:\/\/todoapulmon-rafaela.com\/index.php\/wp-json\/wp\/v2\/categories?post=12351"},{"taxonomy":"post_tag","embeddable":true,"href":"https:\/\/todoapulmon-rafaela.com\/index.php\/wp-json\/wp\/v2\/tags?post=12351"}],"curies":[{"name":"wp","href":"https:\/\/api.w.org\/{rel}","templated":true}]}}