{"id":121,"date":"2016-03-23T17:14:06","date_gmt":"2016-03-23T17:14:06","guid":{"rendered":"http:\/\/todoapulmon-rafaela.com\/?p=121"},"modified":"2016-05-03T13:50:38","modified_gmt":"2016-05-03T13:50:38","slug":"el-voley-comenzo-la-temporada","status":"publish","type":"post","link":"https:\/\/todoapulmon-rafaela.com\/index.php\/2016\/03\/23\/el-voley-comenzo-la-temporada\/","title":{"rendered":"El voley comenz\u00f3 la temporada"},"content":{"rendered":"<p>El pasado fin de semana comenz\u00f3 la actividad oficial 2016 de la Asociaci\u00f3n Rafaelina de Voleibol, con la disputa del Grand Prix Sub 17 y el primer certamen de Sub 13.<br \/>\n<img loading=\"lazy\" decoding=\"async\" class=\"size-medium wp-image-122 alignright\" src=\"http:\/\/todoapulmon-rafaela.com\/wp-content\/uploads\/2016\/03\/pictures-news-ampliacion-kx_18889-300x198.jpg\" alt=\"-pictures-news-ampliacion-kx_18889\" width=\"300\" height=\"198\" srcset=\"https:\/\/todoapulmon-rafaela.com\/wp-content\/uploads\/2016\/03\/pictures-news-ampliacion-kx_18889-300x198.jpg 300w, https:\/\/todoapulmon-rafaela.com\/wp-content\/uploads\/2016\/03\/pictures-news-ampliacion-kx_18889-768x508.jpg 768w, https:\/\/todoapulmon-rafaela.com\/wp-content\/uploads\/2016\/03\/pictures-news-ampliacion-kx_18889.jpg 800w\" sizes=\"(max-width: 300px) 100vw, 300px\" \/>El s\u00e1bado jug\u00f3 la categor\u00eda mayor en Libertad de Sunchales. Las posiciones finales fueron las siguientes: 1) Uni\u00f3n de Sunchales, 2) Central Argentino Ol\u00edmpico de Ceres, 3) Atl\u00e9tico de Rafaela A, 4) Brown de San Vicente, 5) Libertad de Sunchales, 6) 9 de Julio de Rafaela y 7) Atl\u00e9tico de Rafaela B.<br \/>\nEl domingo 20, en San Vicente, se disput\u00f3 la Sub 13. Las posiciones fueron: 1) Uni\u00f3n de San Guillermo 12 puntos, 2) Uni\u00f3n de Sunchales A 11, 3) Ceres 10, 4) Atl\u00e9tico de Rafaela A 9, 5) Uni\u00f3n de San Guillermo B 8, 6) Brown 7, 7) Libertad A 6, 8) Atl\u00e9tico B 5, 9) Uni\u00f3n de Sunchales B 5, 10) Almagro 3, 11) Libertad B 2 y 12) Sportivo Santa Clara 1.<\/p>\n","protected":false},"excerpt":{"rendered":"<p>El pasado fin de semana comenz\u00f3 la actividad oficial 2016 de la Asociaci\u00f3n Rafaelina de Voleibol, con la disputa del<\/p>\n","protected":false},"author":2,"featured_media":122,"comment_status":"open","ping_status":"open","sticky":false,"template":"","format":"standard","meta":{"footnotes":""},"categories":[16],"tags":[],"class_list":["post-121","post","type-post","status-publish","format-standard","has-post-thumbnail","hentry","category-voley"],"cc_featured_image_caption":{"caption_text":"","source_text":"","source_url":""},"_links":{"self":[{"href":"https:\/\/todoapulmon-rafaela.com\/index.php\/wp-json\/wp\/v2\/posts\/121"}],"collection":[{"href":"https:\/\/todoapulmon-rafaela.com\/index.php\/wp-json\/wp\/v2\/posts"}],"about":[{"href":"https:\/\/todoapulmon-rafaela.com\/index.php\/wp-json\/wp\/v2\/types\/post"}],"author":[{"embeddable":true,"href":"https:\/\/todoapulmon-rafaela.com\/index.php\/wp-json\/wp\/v2\/users\/2"}],"replies":[{"embeddable":true,"href":"https:\/\/todoapulmon-rafaela.com\/index.php\/wp-json\/wp\/v2\/comments?post=121"}],"version-history":[{"count":4,"href":"https:\/\/todoapulmon-rafaela.com\/index.php\/wp-json\/wp\/v2\/posts\/121\/revisions"}],"predecessor-version":[{"id":668,"href":"https:\/\/todoapulmon-rafaela.com\/index.php\/wp-json\/wp\/v2\/posts\/121\/revisions\/668"}],"wp:featuredmedia":[{"embeddable":true,"href":"https:\/\/todoapulmon-rafaela.com\/index.php\/wp-json\/wp\/v2\/media\/122"}],"wp:attachment":[{"href":"https:\/\/todoapulmon-rafaela.com\/index.php\/wp-json\/wp\/v2\/media?parent=121"}],"wp:term":[{"taxonomy":"category","embeddable":true,"href":"https:\/\/todoapulmon-rafaela.com\/index.php\/wp-json\/wp\/v2\/categories?post=121"},{"taxonomy":"post_tag","embeddable":true,"href":"https:\/\/todoapulmon-rafaela.com\/index.php\/wp-json\/wp\/v2\/tags?post=121"}],"curies":[{"name":"wp","href":"https:\/\/api.w.org\/{rel}","templated":true}]}}