{"id":11997,"date":"2018-04-13T12:44:10","date_gmt":"2018-04-13T12:44:10","guid":{"rendered":"http:\/\/todoapulmon-rafaela.com\/?p=11997"},"modified":"2018-04-13T12:44:10","modified_gmt":"2018-04-13T12:44:10","slug":"el-nacional-en-rosario-con-presencias-locales-3","status":"publish","type":"post","link":"https:\/\/todoapulmon-rafaela.com\/index.php\/2018\/04\/13\/el-nacional-en-rosario-con-presencias-locales-3\/","title":{"rendered":"El Nacional en Rosario con presencias locales"},"content":{"rendered":"<p>Este s\u00e1bado y domingo se desarrollar\u00e1 el Campeonato Nacional de Mayores en Rosario, 98\u00aa edici\u00f3n. El torneo m\u00e1s importante del pa\u00eds en atletismo tendr\u00e1 la presencia en esta oportunidad de tres representantes del CRAS de nuestra ciudad: los marchistas Sof\u00eda Kloster y Jonathan Acevedo; y la saltadora en alto Celina Harte.<\/p>\n<p>El certamen ser\u00e1\u00a0Selectivo para los ODESUR a realizarse en Bolivia, para el\u00a0Iberoamericano y as\u00ed tambi\u00e9n para el Universitario\u00a0\u2013 U23.<\/p>\n<p>Las competencias de marcha, sobre 10.000 metros, se disputar\u00e1n el domingo a las 12.45. En tanto, el alto femenino est\u00e1 previsto para las 15.30.<\/p>\n<p>El dato interesante en esta oportunidad es que el torneo tendr\u00e1 televisaci\u00f3n por el canal TyC Sports. Si bien hay dos pruebas espec\u00edficas que se anuncian como centrales para emitir, jabalina varones (s\u00e1bado 12 horas) y martillo varones (domingo 13 horas), las que se desarrollen en simult\u00e1neo seguramente tambi\u00e9n tendr\u00e1n im\u00e1genes. En el caso de la marcha estar\u00e1 en esa franja horaria el domingo.<\/p>\n<p>Adem\u00e1s participar\u00e1n atletas de Chile, Uruguay, Paraguay y Venezuela en car\u00e1cter de autorizados. Tambi\u00e9n se ha autorizados a algunos atletas destacados del pre-equipo nacional de U-18 que se prepara para el sudamericano de la categor\u00eda a disputarse en Colombia entre el 22 y el 24 de junio, competencia que con la participaci\u00f3n de los mejores atletas de Am\u00e9rica ser\u00e1 el selectivo para los JJOO de la Juventud Buenos Aires 2018.<\/p>\n","protected":false},"excerpt":{"rendered":"<p>Este s\u00e1bado y domingo se desarrollar\u00e1 el Campeonato Nacional de Mayores en Rosario, 98\u00aa edici\u00f3n. El torneo m\u00e1s importante del<\/p>\n","protected":false},"author":2,"featured_media":11988,"comment_status":"open","ping_status":"open","sticky":false,"template":"","format":"standard","meta":{"footnotes":""},"categories":[7,24],"tags":[],"class_list":["post-11997","post","type-post","status-publish","format-standard","has-post-thumbnail","hentry","category-atletismo","category-noticias-destacadas"],"cc_featured_image_caption":{"caption_text":"","source_text":"","source_url":""},"_links":{"self":[{"href":"https:\/\/todoapulmon-rafaela.com\/index.php\/wp-json\/wp\/v2\/posts\/11997"}],"collection":[{"href":"https:\/\/todoapulmon-rafaela.com\/index.php\/wp-json\/wp\/v2\/posts"}],"about":[{"href":"https:\/\/todoapulmon-rafaela.com\/index.php\/wp-json\/wp\/v2\/types\/post"}],"author":[{"embeddable":true,"href":"https:\/\/todoapulmon-rafaela.com\/index.php\/wp-json\/wp\/v2\/users\/2"}],"replies":[{"embeddable":true,"href":"https:\/\/todoapulmon-rafaela.com\/index.php\/wp-json\/wp\/v2\/comments?post=11997"}],"version-history":[{"count":1,"href":"https:\/\/todoapulmon-rafaela.com\/index.php\/wp-json\/wp\/v2\/posts\/11997\/revisions"}],"predecessor-version":[{"id":11998,"href":"https:\/\/todoapulmon-rafaela.com\/index.php\/wp-json\/wp\/v2\/posts\/11997\/revisions\/11998"}],"wp:featuredmedia":[{"embeddable":true,"href":"https:\/\/todoapulmon-rafaela.com\/index.php\/wp-json\/wp\/v2\/media\/11988"}],"wp:attachment":[{"href":"https:\/\/todoapulmon-rafaela.com\/index.php\/wp-json\/wp\/v2\/media?parent=11997"}],"wp:term":[{"taxonomy":"category","embeddable":true,"href":"https:\/\/todoapulmon-rafaela.com\/index.php\/wp-json\/wp\/v2\/categories?post=11997"},{"taxonomy":"post_tag","embeddable":true,"href":"https:\/\/todoapulmon-rafaela.com\/index.php\/wp-json\/wp\/v2\/tags?post=11997"}],"curies":[{"name":"wp","href":"https:\/\/api.w.org\/{rel}","templated":true}]}}