{"id":11816,"date":"2018-04-06T13:50:42","date_gmt":"2018-04-06T13:50:42","guid":{"rendered":"http:\/\/todoapulmon-rafaela.com\/?p=11816"},"modified":"2018-04-06T13:52:12","modified_gmt":"2018-04-06T13:52:12","slug":"este-sabado-la-gran-final-del-argentino-de-triatlon-en-santa-fe","status":"publish","type":"post","link":"https:\/\/todoapulmon-rafaela.com\/index.php\/2018\/04\/06\/este-sabado-la-gran-final-del-argentino-de-triatlon-en-santa-fe\/","title":{"rendered":"Este s\u00e1bado, la gran final del Argentino de Triatl\u00f3n en Santa Fe"},"content":{"rendered":"<div>Con cupos completos se correr\u00e1 este s\u00e1bado la final del Campeonato Argentino de Triatl\u00f3n en la ciudad de Santa Fe. La competencia es organizada por la Asociaci\u00f3n Santafesina de Triatl\u00f3n, Pruebas Combinadas y Deportes de Aventura, y fiscalizada por la Federaci\u00f3n Argentina.<\/div>\n<div>El comienzo ser\u00e1 desde las 8, con el escenario de la Laguna Set\u00fabal, el puente Colgante, y las costaneras Este y Oeste de la capital provincial. El evento se llevar\u00e1 a cabo en la distancia denominada Sprint, que cuenta con 750m de nataci\u00f3n, seguida de 20 km de ciclismo y finalizando con 5 km de pedestrismo.<\/div>\n<div>Ser\u00e1n cinco competencias consecutivas, una detr\u00e1s de la otra, y cuyos deportistas van a ser separados por g\u00e9nero. Desde las 8 se iniciar\u00e1\u00a0el Age Group Femenino, y posteriormente seguir\u00e1n los infantiles. Luego continuar\u00e1 el Age Group Varones, y por la tarde, la parte de Elite Mujeres y Varones, lo cual tendr\u00e1 un total de participantes de 300 competidores.<\/div>\n<div>Habr\u00e1 una importante presencia de representantes de nuestra ciudad en distintos niveles. Cabe consignar que Pedro Emmert es uno de los finalistas para la categor\u00eda 16\/17 a\u00f1os.<\/div>\n<div><\/div>\n<div><\/div>\n","protected":false},"excerpt":{"rendered":"<p>Con cupos completos se correr\u00e1 este s\u00e1bado la final del Campeonato Argentino de Triatl\u00f3n en la ciudad de Santa Fe.<\/p>\n","protected":false},"author":2,"featured_media":11826,"comment_status":"open","ping_status":"open","sticky":false,"template":"","format":"standard","meta":{"footnotes":""},"categories":[24,28],"tags":[],"class_list":["post-11816","post","type-post","status-publish","format-standard","has-post-thumbnail","hentry","category-noticias-destacadas","category-triatlon"],"cc_featured_image_caption":{"caption_text":"Un recuerdo de hace dos a\u00f1os en la prueba santafesina, con el rafaelino Gast\u00f3n Guerrero al salir de la etapa de nado.","source_text":"","source_url":""},"_links":{"self":[{"href":"https:\/\/todoapulmon-rafaela.com\/index.php\/wp-json\/wp\/v2\/posts\/11816"}],"collection":[{"href":"https:\/\/todoapulmon-rafaela.com\/index.php\/wp-json\/wp\/v2\/posts"}],"about":[{"href":"https:\/\/todoapulmon-rafaela.com\/index.php\/wp-json\/wp\/v2\/types\/post"}],"author":[{"embeddable":true,"href":"https:\/\/todoapulmon-rafaela.com\/index.php\/wp-json\/wp\/v2\/users\/2"}],"replies":[{"embeddable":true,"href":"https:\/\/todoapulmon-rafaela.com\/index.php\/wp-json\/wp\/v2\/comments?post=11816"}],"version-history":[{"count":3,"href":"https:\/\/todoapulmon-rafaela.com\/index.php\/wp-json\/wp\/v2\/posts\/11816\/revisions"}],"predecessor-version":[{"id":11825,"href":"https:\/\/todoapulmon-rafaela.com\/index.php\/wp-json\/wp\/v2\/posts\/11816\/revisions\/11825"}],"wp:featuredmedia":[{"embeddable":true,"href":"https:\/\/todoapulmon-rafaela.com\/index.php\/wp-json\/wp\/v2\/media\/11826"}],"wp:attachment":[{"href":"https:\/\/todoapulmon-rafaela.com\/index.php\/wp-json\/wp\/v2\/media?parent=11816"}],"wp:term":[{"taxonomy":"category","embeddable":true,"href":"https:\/\/todoapulmon-rafaela.com\/index.php\/wp-json\/wp\/v2\/categories?post=11816"},{"taxonomy":"post_tag","embeddable":true,"href":"https:\/\/todoapulmon-rafaela.com\/index.php\/wp-json\/wp\/v2\/tags?post=11816"}],"curies":[{"name":"wp","href":"https:\/\/api.w.org\/{rel}","templated":true}]}}